{"id":261342,"date":"2026-08-26T12:03:10","date_gmt":"2026-08-26T12:03:10","guid":{"rendered":"https:\/\/www.europesays.com\/ee\/261342\/"},"modified":"2026-08-26T12:03:10","modified_gmt":"2026-08-26T12:03:10","slug":"neljas-lati-vabatahtlik-sodur-hukkus-ukrainas","status":"publish","type":"post","link":"https:\/\/www.europesays.com\/ee\/261342\/","title":{"rendered":"Neljas L\u00e4ti vabatahtlik s\u00f5dur hukkus Ukrainas"},"content":{"rendered":"<p>Alates t\u00e4iemahulise s\u00f5ja algusest on L\u00e4ti portaali LETA andmetel hukkunud neli l\u00e4tlast, vahendab L\u00e4ti Delfi. Lisaks hukkus Latvijas Radio andmetel 2025. aasta suvel Leedu s\u00f5dur Antons \u0122iedraitis, kes oli ka L\u00e4ti kodanik.  <\/p>\n<p class=\"Paragraph SCXW250083674 BCX2\">L\u00e4ti relvaj\u00f5ud avaldasid kaastunnet hukkunu perekonnale, s\u00f5pradele ja v\u00f5itluskaaslastele. <\/p>\n<p class=\"Paragraph SCXW250083674 BCX2\">L\u00e4ti relvaj\u00f5udude s\u00f5nul ei olnud \u0160ampi\u0146\u0161 teeninud L\u00e4ti relvaj\u00f5ududes tegevv\u00e4elasena ega l\u00e4binud ajateenistust. Samuti polnud ta teavitanud L\u00e4ti relvaj\u00f5ude oma liitumisest <a rel=\"noopener nofollow\" target=\"_blank\" href=\"https:\/\/www.delfi.ee\/teema\/25048531\/ukraina\" tag-id=\"25048531\">Ukraina<\/a> s\u00f5jav\u00e4ega. <\/p>\n<p class=\"Paragraph SCXW250083674 BCX2\">L\u00e4ti v\u00e4lisministeeriumi s\u00f5nul pole L\u00e4ti saatkond Ukrainas saanud ametlikku kinnitust \u0160ampi\u0146\u0161i langemise kohta.  <\/p>\n<p class=\"Paragraph SCXW250083674 BCX2\">L\u00e4ti kaitseministeerium ja relvaj\u00f5ud kutsuvad \u00fcles L\u00e4ti kodanike, kes kaaluvad Ukraina relvaj\u00f5ududega liitumist, oma otsust v\u00e4ga t\u00f5siselt l\u00e4bi m\u00f5tlema. Samuti hindama adekvaatselt enda teadmisi ja oskusi s\u00f5japidamise kohta. <\/p>\n<p class=\"Paragraph SCXW250083674 BCX2\">2024. aastal hukkus Ukrainas 1983. aastal s\u00fcndinud L\u00e4ti vabatahtlik s\u00f5jav\u00e4elane Edgars Platonovs. <\/p>\n<p class=\"Paragraph SCXW250083674 BCX2\">2025. aastal hukkus Ukrainas kaks L\u00e4ti vabatahliku s\u00f5jav\u00e4elast: \u0145ikita Tarenovs kutsungiga \u201eL\u00e4tlane\u201c ja Vit\u0101lijs Smirnovs, kes oli endine L\u00e4ti tegevv\u00e4elane. <\/p>\n<p>Kuidas see lugu Sind end tundma pani?Saada<a href=\"https:\/\/www.delfi.ee\/artikkel\/120606282\/neljas-lati-vabatahtlik-sodur-hukkus-ukrainas\/kommentaarid\" class=\"button button--primary button--size-auto article-body-bottom__comment article-body-bottom__comment--write\" style=\"\" rel=\"nofollow noopener\" target=\"_blank\">Kommenteeri<\/a><a href=\"https:\/\/www.delfi.ee\/artikkel\/120606282\/neljas-lati-vabatahtlik-sodur-hukkus-ukrainas\/kommentaarid\" class=\"button button--size-auto article-body-bottom__comment article-body-bottom__comment--read\" style=\"\" rel=\"nofollow noopener\" target=\"_blank\">Loe kommentaare (4)<\/a><\/p>\n","protected":false},"excerpt":{"rendered":"Alates t\u00e4iemahulise s\u00f5ja algusest on L\u00e4ti portaali LETA andmetel hukkunud neli l\u00e4tlast, vahendab L\u00e4ti Delfi. Lisaks hukkus Latvijas&hellip;\n","protected":false},"author":2,"featured_media":261343,"comment_status":"","ping_status":"","sticky":false,"template":"","format":"standard","meta":{"footnotes":"","_share_on_mastodon":"0"},"categories":[80],"tags":[26,27,37,33,35,34,36,31,32,892,21,28,29,114,95,19,25,107,23,24,262,22,20,30,92,93,94],"class_list":["post-261342","post","type-post","status-publish","format-standard","has-post-thumbnail","category-maailm","tag-breaking-news","tag-breakingnews","tag-ee","tag-eesti","tag-eesti-keel","tag-estonia","tag-estonian","tag-featured-news","tag-featurednews","tag-harkiv","tag-headlines","tag-latest-news","tag-latestnews","tag-lati","tag-maailm","tag-news","tag-populaarseimad-lood","tag-soda-ukrainas","tag-top-stories","tag-topstories","tag-ukraina","tag-uldised-uudised","tag-uudised","tag-viimased-uudised","tag-world","tag-world-news","tag-worldnews"],"share_on_mastodon":{"url":"https:\/\/pubeurope.com\/@ee\/117161715619356921","error":""},"_links":{"self":[{"href":"https:\/\/www.europesays.com\/ee\/wp-json\/wp\/v2\/posts\/261342","targetHints":{"allow":["GET"]}}],"collection":[{"href":"https:\/\/www.europesays.com\/ee\/wp-json\/wp\/v2\/posts"}],"about":[{"href":"https:\/\/www.europesays.com\/ee\/wp-json\/wp\/v2\/types\/post"}],"author":[{"embeddable":true,"href":"https:\/\/www.europesays.com\/ee\/wp-json\/wp\/v2\/users\/2"}],"replies":[{"embeddable":true,"href":"https:\/\/www.europesays.com\/ee\/wp-json\/wp\/v2\/comments?post=261342"}],"version-history":[{"count":0,"href":"https:\/\/www.europesays.com\/ee\/wp-json\/wp\/v2\/posts\/261342\/revisions"}],"wp:featuredmedia":[{"embeddable":true,"href":"https:\/\/www.europesays.com\/ee\/wp-json\/wp\/v2\/media\/261343"}],"wp:attachment":[{"href":"https:\/\/www.europesays.com\/ee\/wp-json\/wp\/v2\/media?parent=261342"}],"wp:term":[{"taxonomy":"category","embeddable":true,"href":"https:\/\/www.europesays.com\/ee\/wp-json\/wp\/v2\/categories?post=261342"},{"taxonomy":"post_tag","embeddable":true,"href":"https:\/\/www.europesays.com\/ee\/wp-json\/wp\/v2\/tags?post=261342"}],"curies":[{"name":"wp","href":"https:\/\/api.w.org\/{rel}","templated":true}]}}