{"id":261356,"date":"2026-08-26T12:25:11","date_gmt":"2026-08-26T12:25:11","guid":{"rendered":"https:\/\/www.europesays.com\/ee\/261356\/"},"modified":"2026-08-26T12:25:11","modified_gmt":"2026-08-26T12:25:11","slug":"poola-ja-ukraina-mesinadalad-labi-solidaarsuse-asemel-usalduskriis-suudistused-ja-vagivald-tanavatel","status":"publish","type":"post","link":"https:\/\/www.europesays.com\/ee\/261356\/","title":{"rendered":"Poola ja Ukraina mesin\u00e4dalad l\u00e4bi: solidaarsuse asemel usalduskriis, s\u00fc\u00fcdistused ja v\u00e4givald t\u00e4navatel"},"content":{"rendered":"<p>Poolas on esialgne kaastunne ukrainlaste vastu kasvanud \u00fcle p\u00f5lguseks. Varssavi ei osanud ette n\u00e4ha, et p\u00f5genikud rajavad endale Poolas uue elu ja Kiiev hakkab n\u00f5udma v\u00f5rdset kohta Euroopa otsustajate laua taga.<\/p>\n<p>\u00dcks Venemaa Ukraina-vastase s\u00f5ja ettekavatsemata tagaj\u00e4rgi oli see, et Poola sai harukordse v\u00f5imaluse t\u00f5usta geopoliitiliselt t\u00e4helepanu keskpunkti, kirjutab The Guardian.<\/p>\n","protected":false},"excerpt":{"rendered":"Poolas on esialgne kaastunne ukrainlaste vastu kasvanud \u00fcle p\u00f5lguseks. Varssavi ei osanud ette n\u00e4ha, et p\u00f5genikud rajavad endale&hellip;\n","protected":false},"author":2,"featured_media":261357,"comment_status":"","ping_status":"","sticky":false,"template":"","format":"standard","meta":{"footnotes":"","_share_on_mastodon":"0"},"categories":[80],"tags":[26,27,37,33,35,34,36,31,32,21,28,29,95,19,30856,111,25,23,24,262,22,20,1929,96,30,92,93,94],"class_list":["post-261356","post","type-post","status-publish","format-standard","has-post-thumbnail","category-maailm","tag-breaking-news","tag-breakingnews","tag-ee","tag-eesti","tag-eesti-keel","tag-estonia","tag-estonian","tag-featured-news","tag-featurednews","tag-headlines","tag-latest-news","tag-latestnews","tag-maailm","tag-news","tag-pogenikud","tag-poola","tag-populaarseimad-lood","tag-top-stories","tag-topstories","tag-ukraina","tag-uldised-uudised","tag-uudised","tag-vene-ukraina-soda","tag-venemaa","tag-viimased-uudised","tag-world","tag-world-news","tag-worldnews"],"share_on_mastodon":{"url":"https:\/\/pubeurope.com\/@ee\/117161802133773353","error":""},"_links":{"self":[{"href":"https:\/\/www.europesays.com\/ee\/wp-json\/wp\/v2\/posts\/261356","targetHints":{"allow":["GET"]}}],"collection":[{"href":"https:\/\/www.europesays.com\/ee\/wp-json\/wp\/v2\/posts"}],"about":[{"href":"https:\/\/www.europesays.com\/ee\/wp-json\/wp\/v2\/types\/post"}],"author":[{"embeddable":true,"href":"https:\/\/www.europesays.com\/ee\/wp-json\/wp\/v2\/users\/2"}],"replies":[{"embeddable":true,"href":"https:\/\/www.europesays.com\/ee\/wp-json\/wp\/v2\/comments?post=261356"}],"version-history":[{"count":0,"href":"https:\/\/www.europesays.com\/ee\/wp-json\/wp\/v2\/posts\/261356\/revisions"}],"wp:featuredmedia":[{"embeddable":true,"href":"https:\/\/www.europesays.com\/ee\/wp-json\/wp\/v2\/media\/261357"}],"wp:attachment":[{"href":"https:\/\/www.europesays.com\/ee\/wp-json\/wp\/v2\/media?parent=261356"}],"wp:term":[{"taxonomy":"category","embeddable":true,"href":"https:\/\/www.europesays.com\/ee\/wp-json\/wp\/v2\/categories?post=261356"},{"taxonomy":"post_tag","embeddable":true,"href":"https:\/\/www.europesays.com\/ee\/wp-json\/wp\/v2\/tags?post=261356"}],"curies":[{"name":"wp","href":"https:\/\/api.w.org\/{rel}","templated":true}]}}