{"id":261372,"date":"2026-08-26T12:46:10","date_gmt":"2026-08-26T12:46:10","guid":{"rendered":"https:\/\/www.europesays.com\/ee\/261372\/"},"modified":"2026-08-26T12:46:10","modified_gmt":"2026-08-26T12:46:10","slug":"viska-pilk-peale-ikea-ja-xbox-annavad-valja-uue-videomangudest-inspireeritud-kollektsiooni","status":"publish","type":"post","link":"https:\/\/www.europesays.com\/ee\/261372\/","title":{"rendered":"Viska pilk peale: Ikea ja Xbox annavad v\u00e4lja uue videom\u00e4ngudest inspireeritud kollektsiooni"},"content":{"rendered":"<p class=\"x_MsoNormal\">Telerialuse tagak\u00fcljel on hoiukohad m\u00e4ngutarvikute jaoks ja p\u00e4rast m\u00e4ngimist saab selle jalust \u00e4ra veeretada. Inimestele, kel pole m\u00e4ngimiseks eraldi ruumikest, on Ikeal ka t\u00f6\u00f6riistakasti kujuline s\u00fclearvutialus, kuhu saab panna m\u00e4ngupuldid, kaablid ja muu varustuse.<\/p>\n<p class=\"x_MsoNormal\">Uute m\u00f6\u00f6bliesemete siinseid hindu pole Ikea veel avaldanud. \u00dchendkuningriigi hindu vaadates v\u00f5ib prognoosida, et v\u00e4iksemad aksessuaarid algavad umbes 15 eurost ja suuremad m\u00f6\u00f6bliesemed, n\u00e4iteks telerilaud, hakkab maksma ligikaudu 130 eurot.<\/p>\n<p>Kuidas see lugu Sind end tundma pani?Saada<\/p>\n","protected":false},"excerpt":{"rendered":"Telerialuse tagak\u00fcljel on hoiukohad m\u00e4ngutarvikute jaoks ja p\u00e4rast m\u00e4ngimist saab selle jalust \u00e4ra veeretada. Inimestele, kel pole m\u00e4ngimiseks&hellip;\n","protected":false},"author":2,"featured_media":261373,"comment_status":"","ping_status":"","sticky":false,"template":"","format":"standard","meta":{"footnotes":"","_share_on_mastodon":"0"},"categories":[14],"tags":[131,130,37,33,35,34,36,11432,8529],"class_list":["post-261372","post","type-post","status-publish","format-standard","has-post-thumbnail","category-ari","tag-ari","tag-business","tag-ee","tag-eesti","tag-eesti-keel","tag-estonia","tag-estonian","tag-ikea","tag-xbox"],"share_on_mastodon":{"url":"https:\/\/pubeurope.com\/@ee\/117161884847865942","error":""},"_links":{"self":[{"href":"https:\/\/www.europesays.com\/ee\/wp-json\/wp\/v2\/posts\/261372","targetHints":{"allow":["GET"]}}],"collection":[{"href":"https:\/\/www.europesays.com\/ee\/wp-json\/wp\/v2\/posts"}],"about":[{"href":"https:\/\/www.europesays.com\/ee\/wp-json\/wp\/v2\/types\/post"}],"author":[{"embeddable":true,"href":"https:\/\/www.europesays.com\/ee\/wp-json\/wp\/v2\/users\/2"}],"replies":[{"embeddable":true,"href":"https:\/\/www.europesays.com\/ee\/wp-json\/wp\/v2\/comments?post=261372"}],"version-history":[{"count":0,"href":"https:\/\/www.europesays.com\/ee\/wp-json\/wp\/v2\/posts\/261372\/revisions"}],"wp:featuredmedia":[{"embeddable":true,"href":"https:\/\/www.europesays.com\/ee\/wp-json\/wp\/v2\/media\/261373"}],"wp:attachment":[{"href":"https:\/\/www.europesays.com\/ee\/wp-json\/wp\/v2\/media?parent=261372"}],"wp:term":[{"taxonomy":"category","embeddable":true,"href":"https:\/\/www.europesays.com\/ee\/wp-json\/wp\/v2\/categories?post=261372"},{"taxonomy":"post_tag","embeddable":true,"href":"https:\/\/www.europesays.com\/ee\/wp-json\/wp\/v2\/tags?post=261372"}],"curies":[{"name":"wp","href":"https:\/\/api.w.org\/{rel}","templated":true}]}}