{"id":261388,"date":"2026-08-26T12:59:13","date_gmt":"2026-08-26T12:59:13","guid":{"rendered":"https:\/\/www.europesays.com\/ee\/261388\/"},"modified":"2026-08-26T12:59:13","modified_gmt":"2026-08-26T12:59:13","slug":"eesti-kaitsetoostusettevote-ehitab-latti-200-miljoni-euro-eest-tehase","status":"publish","type":"post","link":"https:\/\/www.europesays.com\/ee\/261388\/","title":{"rendered":"Eesti kaitset\u00f6\u00f6stusettev\u00f5te ehitab L\u00e4tti 200 miljoni euro eest tehase"},"content":{"rendered":"<p>Kompleks ehitatakse 40-hektarilisele maa-alale, mille kasutamiseks s\u00f5lmis ettev\u00f5te pikaajalise maakasutuslepingu <a rel=\"noopener nofollow\" target=\"_blank\" href=\"https:\/\/www.delfi.ee\/teema\/26016109\/lati\" tag-id=\"26016109\">L\u00e4ti<\/a> riigimetsa majandajaga Latvijas Valsts Me\u017ei. Kogu tootmisprotsess toimub \u00fchel territooriumil: kohapeal tehakse nii l\u00f5hkeainete s\u00fcntees, segamine kui ka l\u00f5pptoodete laadimine ja koostamine. T\u00e4isv\u00f5imsuse saavutamisel toob projekt piirkonda 200 k\u00f5rge kvalifikatsiooniga t\u00f6\u00f6kohta. Tootmiseni on plaanis j\u00f5uda j\u00e4rgmisel aastal. <\/p>\n<p>\u201eSee on meie esimene suur tehas, kuid kindlasti mitte viimane,\u201c s\u00f5nas Wolfram Europa tegevjuht <a rel=\"noopener nofollow\" target=\"_blank\" href=\"https:\/\/www.delfi.ee\/teema\/96867744\/magnus-valdemar-saar\" tag-id=\"96867744\">Magnus-Valdemar Saar<\/a> pressiteates. <\/p>\n<p>Ettev\u00f5te viitab teates, et Euroopa ei tooda kaugeltki piisavalt l\u00f5hkeainet, mist\u00f5ttu soovitakse seda l\u00fcnka t\u00e4ita. Eesm\u00e4rgiks on saada Euroopa suurimaks l\u00f5hkeainetootjaks.<\/p>\n<p>\u201eViimase 35 aasta v\u00e4ltel on Euroopa oma l\u00f5hkeaine- ja laskemoonat\u00f6\u00f6stust j\u00e4rjekindlalt koomale t\u00f5mmanud, mis seiskas ka valdkonna tehnoloogiaarengu. Euroopa taasrelvastub, ent investeeringud koonduvad endiselt peamiselt platvormidele ja l\u00f5ppkoostele. Selles peitubki l\u00f5hkeainel\u00fcnk: relvatootmist skaleeritakse kiiremini kui nende efektiivsuse tagavaid l\u00f5hkeaineid ja l\u00f5hkep\u00e4id,\u201c lisas Saar. <\/p>\n<p>Tootmiskompleksi k\u00e4ivitamine on kavandatud kolmes etapis. T\u00e4isv\u00f5imsusel suudab tehas aastas s\u00fcnteesida 300 tonni RDX-i v\u00f5i 100 tonni HMX-i, kusjuures rajatis v\u00f5imaldab tootmismahte tulevikus laiendada. Lisaks hakatakse kohapeal valmistama l\u00f5ppkasutuseks m\u00f5eldud l\u00f5hkesegusid. Valmistoodanguna plaanitakse toota aastas 100 000 tankit\u00f5rjemiini ning 200 000 l\u00f5hkepead. Tarneh\u00e4irete ja kriiside puhuks rajatakse kompleksi puhverladu, mis mahutab kuni 1200 tonni l\u00f5hkeainet.<\/p>\n<p>L\u00e4ti majandusminister Viktors Valainis m\u00e4rkis t\u00e4nasel pressikonverentsil, et investeering toetab L\u00e4ti sihti arendada konkurentsiv\u00f5imelist ja ekspordile suunatud kaitset\u00f6\u00f6stust ning tugevdada riiklikku julgeolekut. Ministri hinnangul annavad tehas ja uued t\u00f6\u00f6kohad olulise panuse nii regiooni majandusse kui ka L\u00e4ti t\u00f6\u00f6stusbaasi.<\/p>\n<p>Ettev\u00f5tte Wolfram Europa l\u00f5i mullu juulis Triin Liimask, kes on ka ettev\u00f5tte suurim osanik \u2013 talle kuulub ettev\u00f5ttest 64,4%. Investorite ringis on Veeberite perekonna ettev\u00f5te AS Giga, Margus Linnam\u00e4e ettev\u00f5te MM Grupp, Taavi Madibergi ja Marko Virkebau ettev\u00f5te Sirbi Investeeringud O\u00dc ning Paide endise linnapea Priit V\u00e4rgi ettev\u00f5te O\u00dc V\u00e4rk Investment. M\u00e4rtsis sai firma juhiks riigi kaitseinvesteeringute keskuse (RKIK) endine juht Magnus-Valdemar Saar. Samuti kuulub juhatusse RKIK-i endine peadirektori aset\u00e4itja Katri Raudsepp.<\/p>\n<p>Kuidas see lugu Sind end tundma pani?Saada<a href=\"https:\/\/arileht.delfi.ee\/a\/120606223\/eesti-kaitsetoostusettevote-ehitab-latti-200-miljoni-euro-eest-tehase\/kommentaarid\" class=\"button button--primary button--size-auto article-body-bottom__comment article-body-bottom__comment--write\" style=\"\" rel=\"nofollow noopener\" target=\"_blank\">Kommenteeri<\/a><a href=\"https:\/\/arileht.delfi.ee\/a\/120606223\/eesti-kaitsetoostusettevote-ehitab-latti-200-miljoni-euro-eest-tehase\/kommentaarid\" class=\"button button--size-auto article-body-bottom__comment article-body-bottom__comment--read\" style=\"\" rel=\"nofollow noopener\" target=\"_blank\">Loe kommentaare (47)<\/a><\/p>\n","protected":false},"excerpt":{"rendered":"Kompleks ehitatakse 40-hektarilisele maa-alale, mille kasutamiseks s\u00f5lmis ettev\u00f5te pikaajalise maakasutuslepingu L\u00e4ti riigimetsa majandajaga Latvijas Valsts Me\u017ei. Kogu tootmisprotsess&hellip;\n","protected":false},"author":2,"featured_media":261389,"comment_status":"","ping_status":"","sticky":false,"template":"","format":"standard","meta":{"footnotes":"","_share_on_mastodon":"0"},"categories":[12],"tags":[26,27,37,33,35,34,36,31,32,21,41288,2164,28,29,114,58128,19,25,23,24,22,20,30],"class_list":["post-261388","post","type-post","status-publish","format-standard","has-post-thumbnail","category-eesti","tag-breaking-news","tag-breakingnews","tag-ee","tag-eesti","tag-eesti-keel","tag-estonia","tag-estonian","tag-featured-news","tag-featurednews","tag-headlines","tag-jekabpils","tag-kaitsetoostus","tag-latest-news","tag-latestnews","tag-lati","tag-magnus-valdemar-saar","tag-news","tag-populaarseimad-lood","tag-top-stories","tag-topstories","tag-uldised-uudised","tag-uudised","tag-viimased-uudised"],"share_on_mastodon":{"url":"https:\/\/pubeurope.com\/@ee\/117161935732664310","error":""},"_links":{"self":[{"href":"https:\/\/www.europesays.com\/ee\/wp-json\/wp\/v2\/posts\/261388","targetHints":{"allow":["GET"]}}],"collection":[{"href":"https:\/\/www.europesays.com\/ee\/wp-json\/wp\/v2\/posts"}],"about":[{"href":"https:\/\/www.europesays.com\/ee\/wp-json\/wp\/v2\/types\/post"}],"author":[{"embeddable":true,"href":"https:\/\/www.europesays.com\/ee\/wp-json\/wp\/v2\/users\/2"}],"replies":[{"embeddable":true,"href":"https:\/\/www.europesays.com\/ee\/wp-json\/wp\/v2\/comments?post=261388"}],"version-history":[{"count":0,"href":"https:\/\/www.europesays.com\/ee\/wp-json\/wp\/v2\/posts\/261388\/revisions"}],"wp:featuredmedia":[{"embeddable":true,"href":"https:\/\/www.europesays.com\/ee\/wp-json\/wp\/v2\/media\/261389"}],"wp:attachment":[{"href":"https:\/\/www.europesays.com\/ee\/wp-json\/wp\/v2\/media?parent=261388"}],"wp:term":[{"taxonomy":"category","embeddable":true,"href":"https:\/\/www.europesays.com\/ee\/wp-json\/wp\/v2\/categories?post=261388"},{"taxonomy":"post_tag","embeddable":true,"href":"https:\/\/www.europesays.com\/ee\/wp-json\/wp\/v2\/tags?post=261388"}],"curies":[{"name":"wp","href":"https:\/\/api.w.org\/{rel}","templated":true}]}}