{"id":261414,"date":"2026-08-26T13:22:25","date_gmt":"2026-08-26T13:22:25","guid":{"rendered":"https:\/\/www.europesays.com\/ee\/261414\/"},"modified":"2026-08-26T13:22:25","modified_gmt":"2026-08-26T13:22:25","slug":"ilmateade-jahedad-ood-annavad-sugisest-marku-paevad-pusivad-veel-soojad-maaleht","status":"publish","type":"post","link":"https:\/\/www.europesays.com\/ee\/261414\/","title":{"rendered":"ILMATEADE | Jahedad \u00f6\u00f6d annavad s\u00fcgisest m\u00e4rku, p\u00e4evad p\u00fcsivad veel soojad &#8211; Maaleht"},"content":{"rendered":"<ol>\n<li><a href=\"https:\/\/news.google.com\/rss\/articles\/CBMitgFBVV95cUxOSzFDUDFtRmdIOFA3TzNCdUNuRWdIaHJtRl9vYi1qZjRsOW4zM09aNE1qRFZ6WUxuNjYxdDFnQVkxc3RiWGdBMWVja0Z3RS14eXFqMG1rT1Rna0JFVU5CaGl2UHlEQ21HOExCQk04VDNXM0lhTi1HSlhBVGdHNUVVaTlGWng2WjliRG1TcFNWUWpEcmRTZWtzblM5TkFjSkhZVzloYWN3RDNTMk9McjBobV9rVG0tZw?oc=5\" target=\"_blank\" rel=\"nofollow noopener\">ILMATEADE | Jahedad \u00f6\u00f6d annavad s\u00fcgisest m\u00e4rku, p\u00e4evad p\u00fcsivad veel soojad<\/a>&nbsp;&nbsp;Maaleht<\/li>\n<li><a href=\"https:\/\/news.google.com\/rss\/articles\/CBMingFBVV95cUxPRVp2UzhONGVmMkJySTBHV2oxeDFWLV95NE5DS21ubmVFa0xvOTlpR0piS0p2NkRvS2Y0Rkx6Z2tZdE91MGxmMjQ4Mm8tVEF1YWlFRmRzM2VBcXFocy00LWdmWGxObUdlVkNSN3NSRlZQNEFudWdjVVpsNVBqdnEtSzBvLUhVdndpM3JrN2FmUWZNWm5UenRWMEhDU3d0dw?oc=5\" target=\"_blank\" rel=\"nofollow noopener\">ILMAPROGNOOS \u27e9 K\u00f5rgr\u00f5huala kingib enne tormi veel m\u00f5ne suvep\u00e4eva<\/a>&nbsp;&nbsp;P\u00e4rnu Postimees<\/li>\n<li><a href=\"https:\/\/news.google.com\/rss\/articles\/CBMixAFBVV95cUxQTXdEWDZWNDZUTDY2UG85QVhjU2luR3dhM2ZnWDJuNXpyN0dsSFJIaDQ2TGRsZVBBcWVPTTJxUl9nY1QxWHluakZhR3YzMFlUYlMzUDhjODF2NzhobG9jcGZBNXVydWFyVGVVOGtXdmdOSVBHVzByWENGY2NsM3pBUUVxcVNGUDRNRWFPLXAydzVSOVJhUGRRUGY0SWplSHFwYm1nRmZ4MmJfb25WSHZpWkZXcG1JTEQ3TlczM0N0OXN6QVNv?oc=5\" target=\"_blank\" rel=\"nofollow noopener\">N\u00c4DALAPROGNOOS | Ilm l\u00e4heb soojemaks! Augusti viimased p\u00e4evad pakuvad veel suveh\u00f5ngu<\/a>&nbsp;&nbsp;Maaleht<\/li>\n<li><a href=\"https:\/\/news.google.com\/rss\/articles\/CBMif0FVX3lxTE11TDIwQWdmWTVlY2JBNUx1bnhWVHJVbXhiM3R3bmFLd0hYRFJSakJrNDVVNElQcGN2U3A5T2IxNlk4UDFqX21GM0ZCMy1FY2FmVWdIS2xqZ0tWcExEb0N6SEl0SDBrVlZoMzR5b0JQZGxHUVFVdml3TlNuSmdPMUk?oc=5\" target=\"_blank\" rel=\"nofollow noopener\">Esmasp\u00e4eval j\u00e4\u00e4b tuult ja sajupilvi v\u00e4hemaks<\/a>&nbsp;&nbsp;ERR<\/li>\n<li><a href=\"https:\/\/news.google.com\/rss\/articles\/CBMiiAFBVV95cUxPUlo4OUdsZzlLVjlxRHBRTU1LQ1FLb1dvMlp6TnZhSTQ1a0dxUHN2RXlXUEotWG1zMnoyTDNJSjhuYUo2YUt3aVJlZ0dzN1UzM2JQYXF6S0tNNGtqZG1kcXpWRkFYWXZQUC1CamxjMHJLT0dldHVkWVZQM2xMaVF4X013Q1IwVVZM?oc=5\" target=\"_blank\" rel=\"nofollow noopener\">L\u00e4hip\u00e4evil p\u00fcsib jahe ilm, kohati sajab hoovihma<\/a>&nbsp;&nbsp;\u041c\u041a-\u042d\u0441\u0442\u043e\u043d\u0438\u044f<\/li>\n<\/ol>\n","protected":false},"excerpt":{"rendered":"ILMATEADE | Jahedad \u00f6\u00f6d annavad s\u00fcgisest m\u00e4rku, p\u00e4evad p\u00fcsivad veel soojad&nbsp;&nbsp;Maaleht ILMAPROGNOOS \u27e9 K\u00f5rgr\u00f5huala kingib enne tormi veel&hellip;\n","protected":false},"author":2,"featured_media":261415,"comment_status":"","ping_status":"","sticky":false,"template":"","format":"standard","meta":{"footnotes":"","_share_on_mastodon":"0"},"categories":[5],"tags":[26,27,37,33,35,34,36,31,32,21,668,3963,28,29,19,25,23,24,22,20,30],"class_list":["post-261414","post","type-post","status-publish","format-standard","has-post-thumbnail","category-uldised-uudised","tag-breaking-news","tag-breakingnews","tag-ee","tag-eesti","tag-eesti-keel","tag-estonia","tag-estonian","tag-featured-news","tag-featurednews","tag-headlines","tag-ilm","tag-ilmateade","tag-latest-news","tag-latestnews","tag-news","tag-populaarseimad-lood","tag-top-stories","tag-topstories","tag-uldised-uudised","tag-uudised","tag-viimased-uudised"],"share_on_mastodon":{"url":"https:\/\/pubeurope.com\/@ee\/117162026211822093","error":""},"_links":{"self":[{"href":"https:\/\/www.europesays.com\/ee\/wp-json\/wp\/v2\/posts\/261414","targetHints":{"allow":["GET"]}}],"collection":[{"href":"https:\/\/www.europesays.com\/ee\/wp-json\/wp\/v2\/posts"}],"about":[{"href":"https:\/\/www.europesays.com\/ee\/wp-json\/wp\/v2\/types\/post"}],"author":[{"embeddable":true,"href":"https:\/\/www.europesays.com\/ee\/wp-json\/wp\/v2\/users\/2"}],"replies":[{"embeddable":true,"href":"https:\/\/www.europesays.com\/ee\/wp-json\/wp\/v2\/comments?post=261414"}],"version-history":[{"count":0,"href":"https:\/\/www.europesays.com\/ee\/wp-json\/wp\/v2\/posts\/261414\/revisions"}],"wp:featuredmedia":[{"embeddable":true,"href":"https:\/\/www.europesays.com\/ee\/wp-json\/wp\/v2\/media\/261415"}],"wp:attachment":[{"href":"https:\/\/www.europesays.com\/ee\/wp-json\/wp\/v2\/media?parent=261414"}],"wp:term":[{"taxonomy":"category","embeddable":true,"href":"https:\/\/www.europesays.com\/ee\/wp-json\/wp\/v2\/categories?post=261414"},{"taxonomy":"post_tag","embeddable":true,"href":"https:\/\/www.europesays.com\/ee\/wp-json\/wp\/v2\/tags?post=261414"}],"curies":[{"name":"wp","href":"https:\/\/api.w.org\/{rel}","templated":true}]}}