{"id":261416,"date":"2026-08-26T13:28:11","date_gmt":"2026-08-26T13:28:11","guid":{"rendered":"https:\/\/www.europesays.com\/ee\/261416\/"},"modified":"2026-08-26T13:28:11","modified_gmt":"2026-08-26T13:28:11","slug":"triin-ruumet-toob-von-krahli-lavale-tosielusarja-teater","status":"publish","type":"post","link":"https:\/\/www.europesays.com\/ee\/261416\/","title":{"rendered":"Triin Ruumet toob Von Krahli lavale t\u00f5sielusarja | Teater"},"content":{"rendered":"<p>2. septembril esietendub Von Krahli Teatri suures saalis Triin Ruumeti lavastus &#8220;Ma tahan uskuda&#8221;, kus eelk\u00f5ige filmire\u017eiss\u00f6\u00f6rina tuntud Ruumet v\u00f5tab luubi alla t\u00f5sielusaate keerisesse sattunud inimesed. <\/p>\n<p>&#8220;Mind paelub populaarkultuur ja n\u00e4iliselt pealiskaudsed asjad, sest need r\u00e4\u00e4givad metafoorselt reaalsusest ning reaalsus ja eksistents on p\u00f5hilised teemad, millega ma tegelen. Minu jaoks on \u00fcks ilusamaid\u00a0ilusid\u00a0see, kui n\u00e4iline pealiskaudsus ja s\u00fcgavus leiavad ennast teineteise embuses \u2013 \u00fches ja samas\u00a0entiteedis, samal ajahetkel,&#8221; avas\u00a0Ruumet\u00a0oma lavastuse tausta.\u00a0\u00a0<br \/>\u00a0<br \/>Lavastuses &#8220;Ma tahan uskuda&#8221; asuvad\u00a0v\u00f5idujanulised\u00a0ja keevalised noormehed t\u00f5sielusaates &#8221;Eraelu&#8221; v\u00f5istlustulle, et v\u00f5ita endale kaunitari s\u00fcda ja tema eraelu. Ent mis juhtub siis, kui \u00fchel hetkel sellest tulev\u00e4rgist enam ei piisa? Kui kaamerad kustuvad ning saateosalised peavad esimest korda p\u00e4riselt iseendale otsa vaatama?<\/p>\n<p>&#8220;Ma tahan uskuda&#8221; kunstnik on Ksenia Verbe\u0161t\u0161uk, kost\u00fc\u00fcmikunstnik K\u00e4rt Hammer, muusikaline kujundaja ja helilooja Frederik Mustonen (Boipepperoni), helire\u017eiss\u00f6\u00f6r: J\u00fcrgen Reismaa, valguskunstnik Siim Reispass, videore\u017eiss\u00f6\u00f6r Tom Tristan Kidron, videooperaator Jekaterina Abramova, dramaturg Joosep L\u00f5hmus ja kehadramaturg Juhan Ulfsak. Lavale astuvad Kristina Preimann, Edgar Vun\u0161, Herman Pihlak, Karl Birnbaum, Markus Andreas Auling.<\/p>\n<p>&#8220;Ma tahan uskuda&#8221; esietendub 2. septembril.<\/p>\n","protected":false},"excerpt":{"rendered":"2. septembril esietendub Von Krahli Teatri suures saalis Triin Ruumeti lavastus &#8220;Ma tahan uskuda&#8221;, kus eelk\u00f5ige filmire\u017eiss\u00f6\u00f6rina tuntud&hellip;\n","protected":false},"author":2,"featured_media":261417,"comment_status":"","ping_status":"","sticky":false,"template":"","format":"standard","meta":{"footnotes":"","_share_on_mastodon":"0"},"categories":[16],"tags":[37,33,35,173,34,36,101523,140,177,101522,959,811],"class_list":["post-261416","post","type-post","status-publish","format-standard","has-post-thumbnail","category-meelelahutus","tag-ee","tag-eesti","tag-eesti-keel","tag-entertainment","tag-estonia","tag-estonian","tag-ma-tahan-uskuda","tag-meelelahutus","tag-teater","tag-triin-ruumet","tag-von-krahl","tag-von-krahli-teater"],"share_on_mastodon":{"url":"https:\/\/pubeurope.com\/@ee\/117162050020416660","error":""},"_links":{"self":[{"href":"https:\/\/www.europesays.com\/ee\/wp-json\/wp\/v2\/posts\/261416","targetHints":{"allow":["GET"]}}],"collection":[{"href":"https:\/\/www.europesays.com\/ee\/wp-json\/wp\/v2\/posts"}],"about":[{"href":"https:\/\/www.europesays.com\/ee\/wp-json\/wp\/v2\/types\/post"}],"author":[{"embeddable":true,"href":"https:\/\/www.europesays.com\/ee\/wp-json\/wp\/v2\/users\/2"}],"replies":[{"embeddable":true,"href":"https:\/\/www.europesays.com\/ee\/wp-json\/wp\/v2\/comments?post=261416"}],"version-history":[{"count":0,"href":"https:\/\/www.europesays.com\/ee\/wp-json\/wp\/v2\/posts\/261416\/revisions"}],"wp:featuredmedia":[{"embeddable":true,"href":"https:\/\/www.europesays.com\/ee\/wp-json\/wp\/v2\/media\/261417"}],"wp:attachment":[{"href":"https:\/\/www.europesays.com\/ee\/wp-json\/wp\/v2\/media?parent=261416"}],"wp:term":[{"taxonomy":"category","embeddable":true,"href":"https:\/\/www.europesays.com\/ee\/wp-json\/wp\/v2\/categories?post=261416"},{"taxonomy":"post_tag","embeddable":true,"href":"https:\/\/www.europesays.com\/ee\/wp-json\/wp\/v2\/tags?post=261416"}],"curies":[{"name":"wp","href":"https:\/\/api.w.org\/{rel}","templated":true}]}}