{"id":261476,"date":"2026-08-26T14:27:08","date_gmt":"2026-08-26T14:27:08","guid":{"rendered":"https:\/\/www.europesays.com\/ee\/261476\/"},"modified":"2026-08-26T14:27:08","modified_gmt":"2026-08-26T14:27:08","slug":"ukraina-nurjas-fsb-plaani-morvata-kaitsetoostusettevotte-juht-valismaa","status":"publish","type":"post","link":"https:\/\/www.europesays.com\/ee\/261476\/","title":{"rendered":"Ukraina nurjas FSB plaani m\u00f5rvata kaitset\u00f6\u00f6stusettev\u00f5tte juht | V\u00e4lismaa"},"content":{"rendered":"<p>Ukraina rahvuspolitsei ja julgeolekuteenistus (SBU) hoidsid \u00e4ra Venemaa F\u00f6deraalse Julgeolekuteenistuse (FSB) plaani m\u00f5rvata Kiievis tegutseva kaitset\u00f6\u00f6stusettev\u00f5tte juht, teatas SBU.<\/p>\n<p>Arvatav palgam\u00f5rvar on 63-aastane pension\u00e4r, kes kolis Kiievisse suures osas Venemaa poolt okupeeritud Luhanski oblastist. SBU teatel tehti talle \u00fclesandeks paigaldada ohvri auto juhiistme alla l\u00f5hkeaine.<\/p>\n<p>SBU ja rahvuspolitsei andmetel avastati l\u00f5hkekeha varakult ja tehti kahjutuks. Julgeolekuteenistuste teatel sisaldas seadeldis \u00fche kilogrammi heksogeeni, mis vastab umbes kahele kilogrammile trot\u00fc\u00fclile (TNT).<\/p>\n<p>SBU info kohaselt sai kahtlusalune juhiseid Venemaa agentidelt. Ta ostis poest kaks mobiiltelefoni ja akupanga, v\u00f5ttis peidikust isevalmistatud pommi osad, pani need m\u00f5ne p\u00e4evaga kokku ning kinnitas valmis l\u00f5hkeseadeldise auto k\u00fclge.<\/p>\n<p>Samuti paigutas mees auto l\u00e4hedale maskeeritud mobiiltelefoni, et edastada Venemaa agentidele otsepilti, mille abil plahvatus k\u00e4ivitada, m\u00e4rkis SBU.<\/p>\n<p>Vahetult p\u00e4rast l\u00f5hkeseadeldise paigaldamist s\u00f5itis kurjategija bussiga Poola, et p\u00f5geneda sealt edasi Venemaale.<\/p>\n<p>Poola meedia teatel pidasid kohalikud v\u00f5imud kahtlusaluse kinni, kui ta \u00fcritas l\u00e4bi Poola ja Valgevene Venemaale pageda.<\/p>\n<p>SBU uurijad esitasid Poola \u00f5iguskaitseorganitele taotluse kinnipeetava Ukrainale v\u00e4ljaandmiseks. Talle on tagaselja esitatud s\u00fc\u00fcdistus l\u00f5puleviidud terroriakti katses.<\/p>\n<p>Venemaa on korduvalt v\u00e4rvanud ukrainlasi luureandmeid koguma, r\u00fcnnakuid koordineerima ja m\u00f5rvakatsetele kaasa aitama.<\/p>\n<p>V\u00e4rbamismeetodite hulka kuuluvad rahalised stiimulid, sund ja v\u00e4ljapressimine.\u00a0<\/p>\n<p>Haavatavaid sihtr\u00fchmi v\u00f5idakse meelitada internetis levivate &#8220;kerge raha&#8221; skeemidega, samas kui okupeeritud aladel elavaid v\u00f5i s\u00f5javangistuses viibivate sugulastega inimesi v\u00f5idakse survestada ja \u00e4hvardada.<\/p>\n","protected":false},"excerpt":{"rendered":"Ukraina rahvuspolitsei ja julgeolekuteenistus (SBU) hoidsid \u00e4ra Venemaa F\u00f6deraalse Julgeolekuteenistuse (FSB) plaani m\u00f5rvata Kiievis tegutseva kaitset\u00f6\u00f6stusettev\u00f5tte juht, teatas&hellip;\n","protected":false},"author":2,"featured_media":261477,"comment_status":"","ping_status":"","sticky":false,"template":"","format":"standard","meta":{"footnotes":"","_share_on_mastodon":"0"},"categories":[80],"tags":[26,27,37,33,35,34,36,31,32,9251,21,1208,28,29,95,19,27744,25,7551,23,24,262,22,20,96,30,92,93,94],"class_list":["post-261476","post","type-post","status-publish","format-standard","has-post-thumbnail","category-maailm","tag-breaking-news","tag-breakingnews","tag-ee","tag-eesti","tag-eesti-keel","tag-estonia","tag-estonian","tag-featured-news","tag-featurednews","tag-fsb","tag-headlines","tag-kiiev","tag-latest-news","tag-latestnews","tag-maailm","tag-news","tag-palgamorv","tag-populaarseimad-lood","tag-sbu","tag-top-stories","tag-topstories","tag-ukraina","tag-uldised-uudised","tag-uudised","tag-venemaa","tag-viimased-uudised","tag-world","tag-world-news","tag-worldnews"],"share_on_mastodon":{"url":"https:\/\/pubeurope.com\/@ee\/117162281965751667","error":""},"_links":{"self":[{"href":"https:\/\/www.europesays.com\/ee\/wp-json\/wp\/v2\/posts\/261476","targetHints":{"allow":["GET"]}}],"collection":[{"href":"https:\/\/www.europesays.com\/ee\/wp-json\/wp\/v2\/posts"}],"about":[{"href":"https:\/\/www.europesays.com\/ee\/wp-json\/wp\/v2\/types\/post"}],"author":[{"embeddable":true,"href":"https:\/\/www.europesays.com\/ee\/wp-json\/wp\/v2\/users\/2"}],"replies":[{"embeddable":true,"href":"https:\/\/www.europesays.com\/ee\/wp-json\/wp\/v2\/comments?post=261476"}],"version-history":[{"count":0,"href":"https:\/\/www.europesays.com\/ee\/wp-json\/wp\/v2\/posts\/261476\/revisions"}],"wp:featuredmedia":[{"embeddable":true,"href":"https:\/\/www.europesays.com\/ee\/wp-json\/wp\/v2\/media\/261477"}],"wp:attachment":[{"href":"https:\/\/www.europesays.com\/ee\/wp-json\/wp\/v2\/media?parent=261476"}],"wp:term":[{"taxonomy":"category","embeddable":true,"href":"https:\/\/www.europesays.com\/ee\/wp-json\/wp\/v2\/categories?post=261476"},{"taxonomy":"post_tag","embeddable":true,"href":"https:\/\/www.europesays.com\/ee\/wp-json\/wp\/v2\/tags?post=261476"}],"curies":[{"name":"wp","href":"https:\/\/api.w.org\/{rel}","templated":true}]}}