{"id":261482,"date":"2026-08-26T14:36:13","date_gmt":"2026-08-26T14:36:13","guid":{"rendered":"https:\/\/www.europesays.com\/ee\/261482\/"},"modified":"2026-08-26T14:36:13","modified_gmt":"2026-08-26T14:36:13","slug":"man-united-hankis-brightonist-poolkaitsja-jalgpall","status":"publish","type":"post","link":"https:\/\/www.europesays.com\/ee\/261482\/","title":{"rendered":"Man United hankis Brightonist poolkaitsja | Jalgpall"},"content":{"rendered":"<p>Inglismaa jalgpalli k\u00f5rgliiga hooaega kaotusega alustanud Manchester United tugevdab rivistust Brightonist saabuva poolkaitsja Carlos Balebaga.<\/p>\n<p>Briti meedia teatel makstakse Kameruni koondislase eest kohe 65 miljonit naela, aga see summa v\u00f5ib v\u00f5imalike boonuste toel kerkida 70 miljoni naela ehk umbes 81,8 miljoni euroni.<\/p>\n<p>22-aastane Baleba liitus Brightoniga 2023. aastal Prantsusmaa klubist Lille. P\u00e4rast seda esindas ta Inglismaa klubi 112 korda ning eelmisel hooajal tegi kaasa 31 liigam\u00e4ngust, neist 23 algkoosseisus.<\/p>\n<p>Tegemist on Man Unitedi kolmanda t\u00e4iendusega sel suvel keskv\u00e4ljal, kuhu on varasemalt saabunud ka Youri Tielemans ja Andrey Santos.<\/p>\n<p>&#8220;On uskumatu tunne liituda oma unistuste klubiga,&#8221; s\u00f5nas Baleba uue klubi kodulehek\u00fclje vahendusel. &#8220;Old Traffordil on alati eriline m\u00e4ngida, aga v\u00f5imalus teha seda Manchester Unitedi m\u00e4ngijana on t\u00f5eline au.&#8221;<\/p>\n<p>Enne v\u00e4ljakule lippamist peab Baleba siiski vormi koguma, kuna t\u00e4navuse hooaja alguses on teda seganud h\u00fcppeliigese vigastus.<\/p>\n","protected":false},"excerpt":{"rendered":"Inglismaa jalgpalli k\u00f5rgliiga hooaega kaotusega alustanud Manchester United tugevdab rivistust Brightonist saabuva poolkaitsja Carlos Balebaga. Briti meedia teatel&hellip;\n","protected":false},"author":2,"featured_media":261483,"comment_status":"","ping_status":"","sticky":false,"template":"","format":"standard","meta":{"footnotes":"","_share_on_mastodon":"0"},"categories":[18],"tags":[17098,101268,37,33,35,34,36,1105,159,158],"class_list":["post-261482","post","type-post","status-publish","format-standard","has-post-thumbnail","category-sport","tag-brighton-hove-albion","tag-carlos-baleba","tag-ee","tag-eesti","tag-eesti-keel","tag-estonia","tag-estonian","tag-manchester-united","tag-sport","tag-sports"],"share_on_mastodon":{"url":"https:\/\/pubeurope.com\/@ee\/117162317223869593","error":""},"_links":{"self":[{"href":"https:\/\/www.europesays.com\/ee\/wp-json\/wp\/v2\/posts\/261482","targetHints":{"allow":["GET"]}}],"collection":[{"href":"https:\/\/www.europesays.com\/ee\/wp-json\/wp\/v2\/posts"}],"about":[{"href":"https:\/\/www.europesays.com\/ee\/wp-json\/wp\/v2\/types\/post"}],"author":[{"embeddable":true,"href":"https:\/\/www.europesays.com\/ee\/wp-json\/wp\/v2\/users\/2"}],"replies":[{"embeddable":true,"href":"https:\/\/www.europesays.com\/ee\/wp-json\/wp\/v2\/comments?post=261482"}],"version-history":[{"count":0,"href":"https:\/\/www.europesays.com\/ee\/wp-json\/wp\/v2\/posts\/261482\/revisions"}],"wp:featuredmedia":[{"embeddable":true,"href":"https:\/\/www.europesays.com\/ee\/wp-json\/wp\/v2\/media\/261483"}],"wp:attachment":[{"href":"https:\/\/www.europesays.com\/ee\/wp-json\/wp\/v2\/media?parent=261482"}],"wp:term":[{"taxonomy":"category","embeddable":true,"href":"https:\/\/www.europesays.com\/ee\/wp-json\/wp\/v2\/categories?post=261482"},{"taxonomy":"post_tag","embeddable":true,"href":"https:\/\/www.europesays.com\/ee\/wp-json\/wp\/v2\/tags?post=261482"}],"curies":[{"name":"wp","href":"https:\/\/api.w.org\/{rel}","templated":true}]}}