{"id":261496,"date":"2026-08-26T14:48:29","date_gmt":"2026-08-26T14:48:29","guid":{"rendered":"https:\/\/www.europesays.com\/ee\/261496\/"},"modified":"2026-08-26T14:48:29","modified_gmt":"2026-08-26T14:48:29","slug":"microsoft-kulutab-uhe-tootaja-tehisintellektile-kuni-24-000-eurot-kuus","status":"publish","type":"post","link":"https:\/\/www.europesays.com\/ee\/261496\/","title":{"rendered":"Microsoft kulutab \u00fche t\u00f6\u00f6taja tehisintellektile kuni 24 000 eurot kuus"},"content":{"rendered":"<p>Microsofti t\u00f6\u00f6tajate tehisintellekti kasutamise kulud erinevad kordades: kui m\u00f5ni t\u00f6\u00f6taja kasutab AI-t\u00f6\u00f6riistu vaid m\u00f5ne euro eest, siis \u00fche t\u00f6\u00f6taja arvestuslik kulu ulatus 28 p\u00e4evaga 24 000 euroni.<\/p>\n<p class=\"isSelectedEnd\">Microsofti sisemisel l\u00e4bipaistvusplatvormil on t\u00e4navu kasutusele v\u00f5etud n\u00e4itaja \u201eAI kasutamise kulu kuus\u201c, mis hindab t\u00f6\u00f6tajate poolt kasutatud tehisintellekti arvutusressursside ja t\u00f6\u00f6riistade maksumust. Business Insideri <a rel=\"noopener follow nofollow\" target=\"_blank\" href=\"https:\/\/www.businessinsider.com\/microsoft-employees-reveal-how-much-cash-theyre-burning-on-ai-2026-8\" data-rel-date-range=\"[]\">k\u00e4sutusse <\/a>j\u00f5udnud tabelis oli umbes 600 kirjet ning ligi 350 t\u00f6\u00f6tajat oli avaldanud oma AI-kasutuse andmed. Keskmise t\u00f6\u00f6taja mediaankulu oli 28 p\u00e4eva jooksul umbes 257 eurot.<\/p>\n<p class=\"isSelectedEnd\">K\u00f5ige suurem n\u00e4it oli Microsofti kliendi- ja partnerilahenduste \u00fcksuse t\u00f6\u00f6tajal, kelle AI-kasutuse hinnaks kujunes ligi 24 000 eurot. Samas j\u00e4i m\u00f5ne t\u00f6\u00f6taja kulu alla \u00fche euro.<\/p>\n<p class=\"isSelectedEnd\">Osakonniti olid erinevused samuti suured. CoreAI t\u00f6\u00f6taja mediaankulu oli umbes 836 eurot, Microsoft AI-s 420 eurot, turbe\u00fcksuses 451 eurot ning Azure\u2019is 207 eurot 28 p\u00e4eva kohta. \u00dcksikute t\u00f6\u00f6tajate kulud k\u00fc\u00fcndisid CoreAI-s ligi 13 700 euroni, Cloud + AI \u00fcksuses 12 900 euroni ja Microsoft AI-s 8600 euroni.<\/p>\n<p>Tegemist ei ole m\u00f5istagi summadega, mida t\u00f6\u00f6tajad ise maksavad. Microsoft hindab nii AI-mudelite kasutamiseks kulunud arvutusv\u00f5imsuse ja muude t\u00f6\u00f6riistade maksumust. Ettev\u00f5te investeerib tehisintellekti taristusse sadu miljardeid ning p\u00fc\u00fcab m\u00f5\u00f5ta, kui intensiivselt t\u00f6\u00f6tajad neid v\u00f5imalusi tegelikult kasutavad.<\/p>\n<p>Kuidas see lugu Sind end tundma pani?Saada<a href=\"https:\/\/forte.delfi.ee\/artikkel\/120606189\/microsoft-kulutab-uhe-tootaja-tehisintellektile-kuni-24-000-eurot-kuus\/kommentaarid\" class=\"button button--primary button--size-auto article-body-bottom__comment article-body-bottom__comment--write\" style=\"\" rel=\"nofollow noopener\" target=\"_blank\">Kommenteeri<\/a><a href=\"https:\/\/forte.delfi.ee\/artikkel\/120606189\/microsoft-kulutab-uhe-tootaja-tehisintellektile-kuni-24-000-eurot-kuus\/kommentaarid\" class=\"button button--size-auto article-body-bottom__comment article-body-bottom__comment--read\" style=\"\" rel=\"nofollow noopener\" target=\"_blank\">Loe kommentaare (17)<\/a><\/p>\n","protected":false},"excerpt":{"rendered":"Microsofti t\u00f6\u00f6tajate tehisintellekti kasutamise kulud erinevad kordades: kui m\u00f5ni t\u00f6\u00f6taja kasutab AI-t\u00f6\u00f6riistu vaid m\u00f5ne euro eest, siis \u00fche&hellip;\n","protected":false},"author":2,"featured_media":261497,"comment_status":"","ping_status":"","sticky":false,"template":"","format":"standard","meta":{"footnotes":"","_share_on_mastodon":"0"},"categories":[14],"tags":[131,130,37,33,35,34,36,2357],"class_list":["post-261496","post","type-post","status-publish","format-standard","has-post-thumbnail","category-ari","tag-ari","tag-business","tag-ee","tag-eesti","tag-eesti-keel","tag-estonia","tag-estonian","tag-microsoft"],"share_on_mastodon":{"url":"https:\/\/pubeurope.com\/@ee\/117162364578424134","error":""},"_links":{"self":[{"href":"https:\/\/www.europesays.com\/ee\/wp-json\/wp\/v2\/posts\/261496","targetHints":{"allow":["GET"]}}],"collection":[{"href":"https:\/\/www.europesays.com\/ee\/wp-json\/wp\/v2\/posts"}],"about":[{"href":"https:\/\/www.europesays.com\/ee\/wp-json\/wp\/v2\/types\/post"}],"author":[{"embeddable":true,"href":"https:\/\/www.europesays.com\/ee\/wp-json\/wp\/v2\/users\/2"}],"replies":[{"embeddable":true,"href":"https:\/\/www.europesays.com\/ee\/wp-json\/wp\/v2\/comments?post=261496"}],"version-history":[{"count":0,"href":"https:\/\/www.europesays.com\/ee\/wp-json\/wp\/v2\/posts\/261496\/revisions"}],"wp:featuredmedia":[{"embeddable":true,"href":"https:\/\/www.europesays.com\/ee\/wp-json\/wp\/v2\/media\/261497"}],"wp:attachment":[{"href":"https:\/\/www.europesays.com\/ee\/wp-json\/wp\/v2\/media?parent=261496"}],"wp:term":[{"taxonomy":"category","embeddable":true,"href":"https:\/\/www.europesays.com\/ee\/wp-json\/wp\/v2\/categories?post=261496"},{"taxonomy":"post_tag","embeddable":true,"href":"https:\/\/www.europesays.com\/ee\/wp-json\/wp\/v2\/tags?post=261496"}],"curies":[{"name":"wp","href":"https:\/\/api.w.org\/{rel}","templated":true}]}}