{"id":261504,"date":"2026-08-26T14:58:11","date_gmt":"2026-08-26T14:58:11","guid":{"rendered":"https:\/\/www.europesays.com\/ee\/261504\/"},"modified":"2026-08-26T14:58:11","modified_gmt":"2026-08-26T14:58:11","slug":"bosniast-jagu-saanud-eesti-poisid-voitsid-soprusturniiri-soccernet-ee","status":"publish","type":"post","link":"https:\/\/www.europesays.com\/ee\/261504\/","title":{"rendered":"Bosniast jagu saanud Eesti poisid v\u00f5itsid s\u00f5prusturniiri &#8211; Soccernet.ee"},"content":{"rendered":"<p><img decoding=\"async\" src=\"https:\/\/www.europesays.com\/ee\/wp-content\/uploads\/2026\/08\/1787748661.png\" alt=\"Eesti noormeeste U15 koondis P\u00f5hja-Makedoonias arenguturniiril. Foto: Eesti Jalgpalli Liit\"\/>&#13;\n<\/p>\n<p>Eesti noormeeste U15 koondis v\u00f5itis P\u00f5hja-Makedoonias toimunud UEFA s\u00f5prusturniiri, alistades viimases m\u00e4ngus 2:1 Bosnia ja Hertsegoviina, vahendab jalgpall.ee.<\/p>\n<p>Eesti asus kohtumist juhtima juba enne veerandtunnise m\u00e4nguaja t\u00e4itumist, kui Remil Undrest p\u00e4\u00e4ses palliga karistusalasse ning saatis l\u00f6\u00f6gi kindlalt lati alla. Juba 20 m\u00e4nguminutiga oli seis 2:0 \u2013 Eesti nurgal\u00f6\u00f6k j\u00e4i v\u00e4rava ette lahtiseks ning ehkki vastaste v\u00e4ravavaht suutis esimese ohtliku katse t\u00f5rjuda, suunas Marten Maimann tagasip\u00f5rkunud palli ikkagi v\u00f5rku.&#13;\n<\/p>\n<p>2:0 eduseis p\u00fcsis pikalt. Veerand tundi enne m\u00e4ngu l\u00f5ppu suutis Bosnia ja Hertsegoviina siiski \u00fche v\u00e4rava tagasi l\u00fc\u00fca, ent enamaks neil rammu ei j\u00e4tkunud \u2013 Eesti sai seega turniiri kolmandast m\u00e4ngust kirja teise v\u00f5idu.&#13;\n<\/p>\n<p>Kuna Ukraina, kellest Eesti oli avam\u00e4ngus jagu saanud, alistas kolmap\u00e4evases m\u00e4ngus 1:0 v\u00f5\u00f5rustajariigi P\u00f5hja-Makedoonia, l\u00f5ppes turniir Ludvig Tasase juhendatava Eesti koondise jaoks v\u00f5iduga. Nii Eesti kui ka Ukraina teenisid kolmest m\u00e4ngust kuus punkti, ent omavahelise m\u00e4ngu v\u00f5it andis tipmise tabelirea just Eestile. P\u00f5hja-Makedoonia j\u00e4i nelja punktiga kolmandaks ning Bosnia ja Hertsegoviina kahe punktiga (just nii palju andis penaltiseerias teenitud v\u00f5it) neljandaks.<\/p>\n","protected":false},"excerpt":{"rendered":"&#13; Eesti noormeeste U15 koondis v\u00f5itis P\u00f5hja-Makedoonias toimunud UEFA s\u00f5prusturniiri, alistades viimases m\u00e4ngus 2:1 Bosnia ja Hertsegoviina, vahendab&hellip;\n","protected":false},"author":2,"featured_media":261505,"comment_status":"","ping_status":"","sticky":false,"template":"","format":"standard","meta":{"footnotes":"","_share_on_mastodon":"0"},"categories":[18],"tags":[37,33,35,97581,34,36,101534,159,158,11376,38739,97584,101535],"class_list":["post-261504","post","type-post","status-publish","format-standard","has-post-thumbnail","category-sport","tag-ee","tag-eesti","tag-eesti-keel","tag-eesti-u15","tag-estonia","tag-estonian","tag-maimann","tag-sport","tag-sports","tag-tasane","tag-u15","tag-u15-koondis","tag-undrest"],"share_on_mastodon":{"url":"https:\/\/pubeurope.com\/@ee\/117162404195439256","error":""},"_links":{"self":[{"href":"https:\/\/www.europesays.com\/ee\/wp-json\/wp\/v2\/posts\/261504","targetHints":{"allow":["GET"]}}],"collection":[{"href":"https:\/\/www.europesays.com\/ee\/wp-json\/wp\/v2\/posts"}],"about":[{"href":"https:\/\/www.europesays.com\/ee\/wp-json\/wp\/v2\/types\/post"}],"author":[{"embeddable":true,"href":"https:\/\/www.europesays.com\/ee\/wp-json\/wp\/v2\/users\/2"}],"replies":[{"embeddable":true,"href":"https:\/\/www.europesays.com\/ee\/wp-json\/wp\/v2\/comments?post=261504"}],"version-history":[{"count":0,"href":"https:\/\/www.europesays.com\/ee\/wp-json\/wp\/v2\/posts\/261504\/revisions"}],"wp:featuredmedia":[{"embeddable":true,"href":"https:\/\/www.europesays.com\/ee\/wp-json\/wp\/v2\/media\/261505"}],"wp:attachment":[{"href":"https:\/\/www.europesays.com\/ee\/wp-json\/wp\/v2\/media?parent=261504"}],"wp:term":[{"taxonomy":"category","embeddable":true,"href":"https:\/\/www.europesays.com\/ee\/wp-json\/wp\/v2\/categories?post=261504"},{"taxonomy":"post_tag","embeddable":true,"href":"https:\/\/www.europesays.com\/ee\/wp-json\/wp\/v2\/tags?post=261504"}],"curies":[{"name":"wp","href":"https:\/\/api.w.org\/{rel}","templated":true}]}}