{"id":261520,"date":"2026-08-26T15:23:11","date_gmt":"2026-08-26T15:23:11","guid":{"rendered":"https:\/\/www.europesays.com\/ee\/261520\/"},"modified":"2026-08-26T15:23:11","modified_gmt":"2026-08-26T15:23:11","slug":"trump-kuulutab-liikumise-palestine-action-terroriorganisatsiooniks-valismaa","status":"publish","type":"post","link":"https:\/\/www.europesays.com\/ee\/261520\/","title":{"rendered":"Trump kuulutab liikumise Palestine Action terroriorganisatsiooniks | V\u00e4lismaa"},"content":{"rendered":"<p>USA president Donald Trump kuulutab liikumise Palestine Action \u00fclemaailmseks terroriorganisatsiooniks, kirjutab Briti konservatiivne v\u00e4ljaanne The Telegraph.<\/p>\n<p>Protestiliikumine lisatakse nimekirja, kuhu kuuluvad juba Hamas, Al-Qaeda ja Islamiriik. Otsuse tagaj\u00e4rjel kehtestatakse liikumise toetajatele eluaegne USA-sse sisenemise keeld.<\/p>\n<p>USA ametnike s\u00f5nul julgustab Palestine Action sotsiaalmeedias oma &#8220;terroriakte&#8221; propageerides teisigi v\u00e4lismaal, sealhulgas USA-s sarnast taktikat rakendama.<\/p>\n<p>See on esimene teadaolev juhtum, mil USA terrorismivastased sanktsioonid laienevad Briti aktivistir\u00fchmitusele.<\/p>\n<p>Palestine Actioni USA-s asuvad varad, sealhulgas pangakontod ja kinnisvara, k\u00fclmutatakse ning ameeriklastel keelatakse r\u00fchmitusega \u00e4ri ajada.<\/p>\n<p>Sanktsioonid keelavad inimestel ka rahastamise ning kaupade v\u00f5i teenuste pakkumise Palestine Actionile, l\u00f5igates r\u00fchmituse sel viisil globaalsest finantss\u00fcsteemist \u00e4ra.<\/p>\n<p>The Telegraphi andmetel v\u00f5ivad Suurbritannia kodanikud, kes j\u00e4tkavad organisatsiooni rahastamist v\u00f5i protestides osalemist, langeda ise r\u00e4nkade sanktsioonide ja viisakeeldude alla. Samuti tekib neil oht kaotada v\u00f5imalus avada pangakontot v\u00f5i v\u00f5tta kodulaenu.<\/p>\n<p>Sanktsioonide t\u00f5ttu kehtestatakse eluaegne USA sisses\u00f5idukeeld ka Richard Barnardile ja Huda Ammorile, kes asutasid Palestine Actioni \u00dchendkuningriigis 2020. aasta juulis ja on Briti kodanikud.<\/p>\n<p>Samm j\u00e4rgneb Briti valitsuse otsusele tunnistada Palestine Action terroriorganisatsiooniks p\u00e4rast seda, kui aktivistid tungisid 2025. aasta juunis RAF Brize Nortoni lennubaasi ja kahjustasid s\u00f5jav\u00e4elennukeid.<\/p>\n<p>&#8220;\u00dchendkuningriigis asuv Palestine Action on toetanud alates 2020. aasta juulist arvukalt terroriakte, sealhulgas akte, milles on f\u00fc\u00fcsiliselt vigastatud Briti \u00f5iguskaitset\u00f6\u00f6tajaid, samuti tegusid, mille eesm\u00e4rk on hirmutada seaduslikke \u00e4riettev\u00f5tteid ja survestada Briti valitsust,&#8221; s\u00f5nas USA ametnik.<\/p>\n<p>&#8220;Palestine Action on kajastanud oma terroriakte sotsiaalmeedias, julgustades sarnase taktika kasutamist rahvusvaheliselt, sealhulgas Ameerika \u00dchendriikides ja USA-Mehhiko piiril,&#8221; lisas ametnik.<\/p>\n<p>&#8220;USA sanktsioonide rikkumine v\u00f5ib tuua USA ja v\u00e4lisriigi kodanikele kaasa tsiviil- v\u00f5i kriminaalkaristused,&#8221; m\u00e4rkis ta.<\/p>\n<p>P\u00e4rast 2023. aasta 7. oktoobril toimunud Hamasi korraldatud r\u00fcnnakut Iisraelile, millele j\u00e4rgnes k\u00fcmneid tuhandeid inimelusid n\u00f5udnud Gaza s\u00f5da, on Palestine Action korraldanud Suurbritannias ettev\u00f5tete ja hoonete vastu suunatud sissemurdmisi ja vandalismi, v\u00e4ites, et need on seotud sionismiga.<\/p>\n<p>Politsei andmetel rammis enam kui k\u00fcmmekond aktivisti 2024. aasta augustis vanglaautoga Iisraeli relvafirma Elbit Systems Briti filiaali Horizon rajatist Bristoli l\u00e4hedal. Aktivistid r\u00fcndasid politseinikke suure haamriga.\u00a0<\/p>\n<p>2024. aasta novembris varastasid meeleavaldajad Manchesteri \u00fclikoolist Iisraeli esimese presidendi kuju ning m\u00e4\u00e4risid Balfouri deklaratsiooni 107. aastap\u00e4eva puhul punase v\u00e4rviga \u00fclikoolilinnaku hooneid, uurimiskeskust ja juudi heategevusorganisatsiooni kontorit.<\/p>\n<p>R\u00fchmituse \u00dchendriikide haru Palestine Action US loodi samamoodi Iisraeliga seotud ettev\u00f5tete ja kaitset\u00f6\u00f6v\u00f5tjate sihikule v\u00f5tmiseks. Hiljem, 2024. aastal muudeti r\u00fchmituse nimi Unity of Fieldsiks.<\/p>\n<p>The Telegraph avaldas eelmisel aastal, et r\u00fchmitus oli aidanud \u00f5hutada v\u00e4givaldseid proteste Los Angeleses. R\u00fchmitus t\u00e4histas r\u00fcnnakuid politsei vastu ja v\u00e4idetavalt \u00f5hutas illegaalsete migrantide kinnipidamise vastustamiseks intifadat ehk palestiinlaste \u00fclest\u00f5usu Iisraeli okupatsiooni vastu.<\/p>\n<p>USA v\u00e4lisminister Marco Rubio, kes polnud toona veel praegusesse ametisse astunud, kutsus justiitsministeeriumi algatama &#8220;sionismivastase&#8221; r\u00fchmituse suhtes siseriikliku terrorismi uurimist.<\/p>\n<p>Palestine Actioni nimetamine \u00fclemaailmseks terroriorganisatsiooniks USA terrorismivastaste sanktsioonide alusel on osa Marco Rubio ja president Donald Trumpi administratsiooni laiemast survest vasakradikaalsetele organisatsioonidele ja nende toetajatele.<\/p>\n<p>Juulis kutsus Rubio \u00fcles \u00fclemaailmselt v\u00f5itlema &#8220;vasak\u00e4\u00e4rmusliku terroriga&#8221;.<\/p>\n<p>&#8220;Ideed, et vasak\u00e4\u00e4rmuslik terrorism v\u00f5iks kujutada endast t\u00f5sist ohtu, koheldakse parempoolse tiiva palavikulise unen\u00e4ona v\u00f5i veel hullem, ohtliku fa\u0161istliku vanden\u00f5una,&#8221; s\u00f5nas Rubio.<\/p>\n<p>Briti apellatsioonkohus j\u00e4ttis juulis j\u00f5usse siseministeeriumi otsuse r\u00fchmitus keelustada. Viis k\u00f5rgemat kohtunikku n\u00f5ustusid valitsuse keelustamisotsusega, m\u00e4rkides, et Palestine Action ei ole &#8220;tavaline protestir\u00fchmitus&#8221;.<\/p>\n<p>Kolm \u00dclemkohtu kohtunikku on aga vahepeal andnud Huda Ammorile \u00f5iguse vaidlustada mullu p\u00e4rast lennubaasi r\u00fcnnakut kehtima hakanud keeld.<\/p>\n<p>Kohtuasi on arutusel 1. oktoobrist 21. detsembrini.<\/p>\n","protected":false},"excerpt":{"rendered":"USA president Donald Trump kuulutab liikumise Palestine Action \u00fclemaailmseks terroriorganisatsiooniks, kirjutab Briti konservatiivne v\u00e4ljaanne The Telegraph. Protestiliikumine lisatakse&hellip;\n","protected":false},"author":2,"featured_media":261521,"comment_status":"","ping_status":"","sticky":false,"template":"","format":"standard","meta":{"footnotes":"","_share_on_mastodon":"0"},"categories":[80],"tags":[26,27,324,37,33,35,34,36,31,32,620,2103,764,21,619,28,29,95,1894,19,763,101538,25,660,23,24,22,325,20,30,92,93,94],"class_list":["post-261520","post","type-post","status-publish","format-standard","has-post-thumbnail","category-maailm","tag-breaking-news","tag-breakingnews","tag-donald-trump","tag-ee","tag-eesti","tag-eesti-keel","tag-estonia","tag-estonian","tag-featured-news","tag-featurednews","tag-gaza","tag-gaza-soda","tag-hamas","tag-headlines","tag-iisrael","tag-latest-news","tag-latestnews","tag-maailm","tag-marco-rubio","tag-news","tag-palestiina","tag-palestine-action","tag-populaarseimad-lood","tag-suurbritannia","tag-top-stories","tag-topstories","tag-uldised-uudised","tag-usa","tag-uudised","tag-viimased-uudised","tag-world","tag-world-news","tag-worldnews"],"share_on_mastodon":{"url":"","error":""},"_links":{"self":[{"href":"https:\/\/www.europesays.com\/ee\/wp-json\/wp\/v2\/posts\/261520","targetHints":{"allow":["GET"]}}],"collection":[{"href":"https:\/\/www.europesays.com\/ee\/wp-json\/wp\/v2\/posts"}],"about":[{"href":"https:\/\/www.europesays.com\/ee\/wp-json\/wp\/v2\/types\/post"}],"author":[{"embeddable":true,"href":"https:\/\/www.europesays.com\/ee\/wp-json\/wp\/v2\/users\/2"}],"replies":[{"embeddable":true,"href":"https:\/\/www.europesays.com\/ee\/wp-json\/wp\/v2\/comments?post=261520"}],"version-history":[{"count":0,"href":"https:\/\/www.europesays.com\/ee\/wp-json\/wp\/v2\/posts\/261520\/revisions"}],"wp:featuredmedia":[{"embeddable":true,"href":"https:\/\/www.europesays.com\/ee\/wp-json\/wp\/v2\/media\/261521"}],"wp:attachment":[{"href":"https:\/\/www.europesays.com\/ee\/wp-json\/wp\/v2\/media?parent=261520"}],"wp:term":[{"taxonomy":"category","embeddable":true,"href":"https:\/\/www.europesays.com\/ee\/wp-json\/wp\/v2\/categories?post=261520"},{"taxonomy":"post_tag","embeddable":true,"href":"https:\/\/www.europesays.com\/ee\/wp-json\/wp\/v2\/tags?post=261520"}],"curies":[{"name":"wp","href":"https:\/\/api.w.org\/{rel}","templated":true}]}}