{"id":261598,"date":"2026-08-26T17:14:12","date_gmt":"2026-08-26T17:14:12","guid":{"rendered":"https:\/\/www.europesays.com\/ee\/261598\/"},"modified":"2026-08-26T17:14:12","modified_gmt":"2026-08-26T17:14:12","slug":"norra-el-peaks-lopetama-arktika-nafta-teemal-moraliseerimise-valismaa","status":"publish","type":"post","link":"https:\/\/www.europesays.com\/ee\/261598\/","title":{"rendered":"Norra: EL peaks l\u00f5petama Arktika nafta teemal moraliseerimise | V\u00e4lismaa"},"content":{"rendered":"<p>Norra energiaminister s\u00fc\u00fcdistas Euroopa Komisjoni silmakirjalikkuses, kuna komisjon p\u00fc\u00fcab piirata Arktikas nafta- ja gaasipuurimist, samal ajal kui liikmesriigid p\u00f6\u00f6rduvad energiavarustuskindluse tagamiseks \u00fcha enam just selle piirkonna poole.<\/p>\n<p>Euroopa Komisjon on alates 2021. aastast n\u00f5udnud uute puuraukude rajamise \u00fclemaailmset keelustamist Arktika piirkonnas. Seda vaatamata Arktika eksportijate, eelk\u00f5ige Norra kriitikale, kellest on p\u00e4rast Venemaaga kaubandussuhete k\u00e4rpimist saanud EL-i suurim gaasi- ja suuruselt teine naftatarnija, kirjutab Politico.<\/p>\n<p>Politico antud intervjuus m\u00e4rkis energiaminister Terje Aasland, et EL-i hoiak on otseses vastuolus liikmesriikide, n\u00e4iteks Poola ja Saksamaa tegevusega, kes s\u00f5lmivad Norraga uusi lepinguid.<\/p>\n<p>&#8220;Ehkki EL r\u00e4\u00e4gib puurimise keelustamisest, n\u00e4eme hoopis teistsugust k\u00e4itumist riikidelt, kellega me suhtleme,&#8221; lausus minister. Ta t\u00f5i n\u00e4iteks Poola riikliku energiaettev\u00f5tte Orleni hiljutise investeeringu Norra ranniku l\u00e4hedal asuvatesse avamere naftav\u00e4ljadesse ning Saksamaa riikliku energiaettev\u00f5tte Uniperi 15-aastase gaasiostulepingu Norra naftahiiu Equinoriga.<\/p>\n<p>&#8220;Saksamaaga suheldes n\u00e4eme, et nad tahavad seda gaasi. Ja Poolaga suheldes tahavad ka nemad seda gaasi,&#8221; lisas Aasland varem samal p\u00e4eval toimunud paneelarutelul.<\/p>\n<p>Euroopa Komisjon ei hangi ise energiakandjaid, kuid saab reguleerida impordi p\u00e4ritolu. Aaslandi s\u00f5nul tekitab see aga killustatust, kuna liikmesriigid l\u00e4htuvad erinevatest strateegiatest ja prioriteetidest, mis toob kaasa segase poliitikakujundamise.<\/p>\n<p>&#8220;Euroopa probleem seisneb 27 erinevas energiaturus,&#8221; nentis ta. &#8220;Need ei suhtle omavahel. Euroopa Komisjonis toodetakse ilusaid pabereid. Kui aga r\u00e4\u00e4kida realistlikust l\u00e4henemisest ja arutada tuleviku energiakursse, on laual 27 erinevat strateegiat, ja see on probleem.&#8221;<\/p>\n<p>Ministri s\u00f5nul liiguvad investeeringud praegu USA-sse ja Aasiasse. &#8220;Mis toetab Euroopat? Mitte miski,&#8221; lisas ta.<\/p>\n<p>Aaslandi kommentaarid peegeldavad ka Norras valitsevat ebakindlust. Riik soovib laiendada ja t\u00f5hustada puurimistegevust, et aeglustada juba pikalt prognoositud tootmise langust, mis v\u00f5ib kaasa tuua mahtude m\u00e4rkimisv\u00e4\u00e4rse v\u00e4henemise.<\/p>\n<p>Norra avameredirektoraadi peadirektor Torgeir Stordal m\u00e4rkis esmasp\u00e4evasel paneelarutelul, et isegi parima stsenaariumi korral v\u00e4heneb Norra naftatootmine 2026. aasta umbes 230 miljonilt standardkuupmeetrilt naftaekvivalendilt (Sm\u00b3) 2050. aastaks umbes 150 miljoni standardkuupmeetrini. Halvimal juhul v\u00f5ib see langeda 30 miljoni standardkuupmeetrini. Ta lisas, et ka parima stsenaariumi saavutamine on kulukas.<\/p>\n<p>Stavangeri konverentsil r\u00f5hutasid Norra ametnikud ja ettev\u00f5tete juhid vajadust t\u00e4iendavate uuringute ja uute tehnoloogiate j\u00e4rele, et v\u00e4henevaid varusid paremini \u00e4ra kasutada. Nad v\u00e4itsid, et Norra naftasektor on EL-i energiajulgeoleku jaoks \u00fclioluline.<\/p>\n<p>Suuri lootusi pannakse Barentsi merele \u2013 Norrast p\u00f5hjas asuvale \u00e4\u00e4remerele \u2013, kus tehakse \u00fcha enam uuringuid. Aasland \u00fctles Politicole, et see meri on Euroopa tulevase energiajulgeoleku jaoks oluline piirkond, ja kutsus Euroopa ametnikke \u00fcles regiooni k\u00fclastama, et &#8220;kohapealse olukorraga tutvuda.&#8221;<\/p>\n<p>&#8220;Kui avalikkus p\u00f6\u00f6rdub [rohe]poliitika vastu, v\u00f5ib see r\u00f5hutada vajadust investeerida kindlatesse t\u00f6\u00f6kohtadesse, arenevatesse t\u00f6\u00f6stustesse ja ettev\u00f5tlusesse,&#8221; lausus Aasland varasemas arutelus.<\/p>\n<p>Keskkonnakaitsjad on aga hoiatanud, et piirkonnas puurimistegevuse laiendamine k\u00e4tkeb endas naftareostuse ning haavatava mereelustiku kahjustamise ohtu.<\/p>\n","protected":false},"excerpt":{"rendered":"Norra energiaminister s\u00fc\u00fcdistas Euroopa Komisjoni silmakirjalikkuses, kuna komisjon p\u00fc\u00fcab piirata Arktikas nafta- ja gaasipuurimist, samal ajal kui liikmesriigid&hellip;\n","protected":false},"author":2,"featured_media":261599,"comment_status":"","ping_status":"","sticky":false,"template":"","format":"standard","meta":{"footnotes":"","_share_on_mastodon":"0"},"categories":[80],"tags":[101560,35695,26,27,37,33,35,34,36,2337,590,31,32,21,304,28,29,95,4257,101559,19,1437,25,23,24,22,20,30,92,93,94],"class_list":["post-261598","post","type-post","status-publish","format-standard","has-post-thumbnail","category-maailm","tag-artkika","tag-barentsi-meri","tag-breaking-news","tag-breakingnews","tag-ee","tag-eesti","tag-eesti-keel","tag-estonia","tag-estonian","tag-euroopa-komisjon","tag-euroopa-liit","tag-featured-news","tag-featurednews","tag-headlines","tag-keskkond","tag-latest-news","tag-latestnews","tag-maailm","tag-nafta","tag-nafta-puurimine","tag-news","tag-norra","tag-populaarseimad-lood","tag-top-stories","tag-topstories","tag-uldised-uudised","tag-uudised","tag-viimased-uudised","tag-world","tag-world-news","tag-worldnews"],"share_on_mastodon":{"url":"https:\/\/pubeurope.com\/@ee\/117162938550374720","error":""},"_links":{"self":[{"href":"https:\/\/www.europesays.com\/ee\/wp-json\/wp\/v2\/posts\/261598","targetHints":{"allow":["GET"]}}],"collection":[{"href":"https:\/\/www.europesays.com\/ee\/wp-json\/wp\/v2\/posts"}],"about":[{"href":"https:\/\/www.europesays.com\/ee\/wp-json\/wp\/v2\/types\/post"}],"author":[{"embeddable":true,"href":"https:\/\/www.europesays.com\/ee\/wp-json\/wp\/v2\/users\/2"}],"replies":[{"embeddable":true,"href":"https:\/\/www.europesays.com\/ee\/wp-json\/wp\/v2\/comments?post=261598"}],"version-history":[{"count":0,"href":"https:\/\/www.europesays.com\/ee\/wp-json\/wp\/v2\/posts\/261598\/revisions"}],"wp:featuredmedia":[{"embeddable":true,"href":"https:\/\/www.europesays.com\/ee\/wp-json\/wp\/v2\/media\/261599"}],"wp:attachment":[{"href":"https:\/\/www.europesays.com\/ee\/wp-json\/wp\/v2\/media?parent=261598"}],"wp:term":[{"taxonomy":"category","embeddable":true,"href":"https:\/\/www.europesays.com\/ee\/wp-json\/wp\/v2\/categories?post=261598"},{"taxonomy":"post_tag","embeddable":true,"href":"https:\/\/www.europesays.com\/ee\/wp-json\/wp\/v2\/tags?post=261598"}],"curies":[{"name":"wp","href":"https:\/\/api.w.org\/{rel}","templated":true}]}}