{"id":261600,"date":"2026-08-26T17:15:18","date_gmt":"2026-08-26T17:15:18","guid":{"rendered":"https:\/\/www.europesays.com\/ee\/261600\/"},"modified":"2026-08-26T17:15:18","modified_gmt":"2026-08-26T17:15:18","slug":"kohtla-jarve-raske-tooonnetus-poordus-veelgi-traagilisemaks","status":"publish","type":"post","link":"https:\/\/www.europesays.com\/ee\/261600\/","title":{"rendered":"Kohtla-J\u00e4rve raske t\u00f6\u00f6\u00f5nnetus p\u00f6\u00f6rdus veelgi traagilisemaks"},"content":{"rendered":"<p>10. augustil sai politsei v\u00e4ljakutse Kohtla-J\u00e4rvele, kus oli t\u00f6\u00f6kohas juhtunud plahvatus, mille tagaj\u00e4rjel said kaks t\u00f6\u00f6stuse t\u00f6\u00f6tajat raskelt viga. Kannatanud viidi haiglasse, kuid sel kolmap\u00e4eval, 26. augustil tuli teade, et m\u00f5lemad t\u00f6\u00f6lised \u2212 mehed vanuses 32 ja 34 aastat \u2212 surid haiglas vigastustesse.<\/p>\n<p>Prokuratuurist \u00f6eldi, et alustatud on kriminaalmenetlust karistusseadustiku paragrahvi alusel, mis k\u00e4sitleb t\u00f6\u00f6tervishoiu- ja t\u00f6\u00f6ohutusn\u00f5uete eiramist, kui sellega on ettevaatamatusest tekitatud inimesele raske tervisekahjustus v\u00f5i p\u00f5hjustatud inimese surm.<\/p>\n<p>&#8220;Praegu saame \u00f6elda, et s\u00fcndmuse ajal tehti rongi tsisternvagunis hooldust ja keevitust\u00f6id, kui \u00fchel hetkel toimus mahutis plahvatus. Mida t\u00e4psemalt tsisternis hoiti, selgub menetluses,&#8221; \u00fctles Viru ringkonnaprokuratuuri pressin\u00f5unik.<\/p>\n<p>Prokuratuur ei avalikusta uurimise huvides ettev\u00f5tet, kus \u00f5nnetus juhtus, kuid samas piirkonnas tegutsevast Kohtla-J\u00e4rve suurimast t\u00f6\u00f6stusettev\u00f5ttest VKG kinnitati, et tegu polnud nende t\u00f6\u00f6tajatega.<\/p>\n<p>Eelmise aasta oktoobris juhtus raske t\u00f6\u00f6\u00f5nnetus \u00fches Sillam\u00e4e t\u00f6\u00f6stusettev\u00f5ttes. Toona kirjutas P\u00f5hjarannik, et esialgsetel andmetel s\u00f5itis t\u00f6\u00f6l olnud 52aastasele naisele otsa laadur. Paraku ei \u00f5nnestunud meedikutel naise elu p\u00e4\u00e4sta.<\/p>\n","protected":false},"excerpt":{"rendered":"10. augustil sai politsei v\u00e4ljakutse Kohtla-J\u00e4rvele, kus oli t\u00f6\u00f6kohas juhtunud plahvatus, mille tagaj\u00e4rjel said kaks t\u00f6\u00f6stuse t\u00f6\u00f6tajat raskelt&hellip;\n","protected":false},"author":2,"featured_media":261601,"comment_status":"","ping_status":"","sticky":false,"template":"","format":"standard","meta":{"footnotes":"","_share_on_mastodon":"0"},"categories":[12],"tags":[26,27,37,33,35,34,36,31,32,21,28,29,19,25,3793,23,24,22,20,30],"class_list":["post-261600","post","type-post","status-publish","format-standard","has-post-thumbnail","category-eesti","tag-breaking-news","tag-breakingnews","tag-ee","tag-eesti","tag-eesti-keel","tag-estonia","tag-estonian","tag-featured-news","tag-featurednews","tag-headlines","tag-latest-news","tag-latestnews","tag-news","tag-populaarseimad-lood","tag-tooonnetus","tag-top-stories","tag-topstories","tag-uldised-uudised","tag-uudised","tag-viimased-uudised"],"share_on_mastodon":{"url":"https:\/\/pubeurope.com\/@ee\/117162942509157777","error":""},"_links":{"self":[{"href":"https:\/\/www.europesays.com\/ee\/wp-json\/wp\/v2\/posts\/261600","targetHints":{"allow":["GET"]}}],"collection":[{"href":"https:\/\/www.europesays.com\/ee\/wp-json\/wp\/v2\/posts"}],"about":[{"href":"https:\/\/www.europesays.com\/ee\/wp-json\/wp\/v2\/types\/post"}],"author":[{"embeddable":true,"href":"https:\/\/www.europesays.com\/ee\/wp-json\/wp\/v2\/users\/2"}],"replies":[{"embeddable":true,"href":"https:\/\/www.europesays.com\/ee\/wp-json\/wp\/v2\/comments?post=261600"}],"version-history":[{"count":0,"href":"https:\/\/www.europesays.com\/ee\/wp-json\/wp\/v2\/posts\/261600\/revisions"}],"wp:featuredmedia":[{"embeddable":true,"href":"https:\/\/www.europesays.com\/ee\/wp-json\/wp\/v2\/media\/261601"}],"wp:attachment":[{"href":"https:\/\/www.europesays.com\/ee\/wp-json\/wp\/v2\/media?parent=261600"}],"wp:term":[{"taxonomy":"category","embeddable":true,"href":"https:\/\/www.europesays.com\/ee\/wp-json\/wp\/v2\/categories?post=261600"},{"taxonomy":"post_tag","embeddable":true,"href":"https:\/\/www.europesays.com\/ee\/wp-json\/wp\/v2\/tags?post=261600"}],"curies":[{"name":"wp","href":"https:\/\/api.w.org\/{rel}","templated":true}]}}