{"id":261612,"date":"2026-08-26T17:34:11","date_gmt":"2026-08-26T17:34:11","guid":{"rendered":"https:\/\/www.europesays.com\/ee\/261612\/"},"modified":"2026-08-26T17:34:11","modified_gmt":"2026-08-26T17:34:11","slug":"trans-lopetas-nomme-kalju-teekonna-karikasarjas","status":"publish","type":"post","link":"https:\/\/www.europesays.com\/ee\/261612\/","title":{"rendered":"Trans l\u00f5petas N\u00f5mme Kalju teekonna karikasarjas"},"content":{"rendered":"<p>Koduv\u00e4ljakul m\u00e4nginud Transi m\u00f5lemad v\u00e4ravad s\u00fcndisid avapoolajal. Esmalt viis Murad Velijev  20. minutil Narva klubi juhtima ja 40. minutil vormistas Tomas Berardozzi ootamatu kaugl\u00f6\u00f6giga l\u00f5ppseisu.<\/p>\n<p>Meistriliiga teine meeskond Kalju \u00fcritas k\u00fcll teisel poolajal vahetustega m\u00e4ngu p\u00f6\u00f6ret tuua, ent Trans hoidis edu l\u00f5puni ja tagas p\u00e4\u00e4su kaheksa parema hulka.<\/p>\n<p>Kuidas see lugu Sind end tundma pani?Saada<\/p>\n","protected":false},"excerpt":{"rendered":"Koduv\u00e4ljakul m\u00e4nginud Transi m\u00f5lemad v\u00e4ravad s\u00fcndisid avapoolajal. Esmalt viis Murad Velijev 20. minutil Narva klubi juhtima ja 40.&hellip;\n","protected":false},"author":2,"featured_media":261613,"comment_status":"","ping_status":"","sticky":false,"template":"","format":"standard","meta":{"footnotes":"","_share_on_mastodon":"0"},"categories":[18],"tags":[37,33,35,34,36,16169,172,457,1359,501,159,158,1549],"class_list":["post-261612","post","type-post","status-publish","format-standard","has-post-thumbnail","category-sport","tag-ee","tag-eesti","tag-eesti-keel","tag-estonia","tag-estonian","tag-evald-tipneri-karikavoistlused","tag-jalgpall","tag-narva-trans","tag-nomme-kalju","tag-paide-linnameeskond","tag-sport","tag-sports","tag-tallinna-fci-levadia"],"share_on_mastodon":{"url":"https:\/\/pubeurope.com\/@ee\/117163017062175714","error":""},"_links":{"self":[{"href":"https:\/\/www.europesays.com\/ee\/wp-json\/wp\/v2\/posts\/261612","targetHints":{"allow":["GET"]}}],"collection":[{"href":"https:\/\/www.europesays.com\/ee\/wp-json\/wp\/v2\/posts"}],"about":[{"href":"https:\/\/www.europesays.com\/ee\/wp-json\/wp\/v2\/types\/post"}],"author":[{"embeddable":true,"href":"https:\/\/www.europesays.com\/ee\/wp-json\/wp\/v2\/users\/2"}],"replies":[{"embeddable":true,"href":"https:\/\/www.europesays.com\/ee\/wp-json\/wp\/v2\/comments?post=261612"}],"version-history":[{"count":0,"href":"https:\/\/www.europesays.com\/ee\/wp-json\/wp\/v2\/posts\/261612\/revisions"}],"wp:featuredmedia":[{"embeddable":true,"href":"https:\/\/www.europesays.com\/ee\/wp-json\/wp\/v2\/media\/261613"}],"wp:attachment":[{"href":"https:\/\/www.europesays.com\/ee\/wp-json\/wp\/v2\/media?parent=261612"}],"wp:term":[{"taxonomy":"category","embeddable":true,"href":"https:\/\/www.europesays.com\/ee\/wp-json\/wp\/v2\/categories?post=261612"},{"taxonomy":"post_tag","embeddable":true,"href":"https:\/\/www.europesays.com\/ee\/wp-json\/wp\/v2\/tags?post=261612"}],"curies":[{"name":"wp","href":"https:\/\/api.w.org\/{rel}","templated":true}]}}