{"id":261618,"date":"2026-08-26T17:45:17","date_gmt":"2026-08-26T17:45:17","guid":{"rendered":"https:\/\/www.europesays.com\/ee\/261618\/"},"modified":"2026-08-26T17:45:17","modified_gmt":"2026-08-26T17:45:17","slug":"jalgpalli-noortekoondis-alistas-bosnia-ja-voitis-soprusturniiri-jalgpall","status":"publish","type":"post","link":"https:\/\/www.europesays.com\/ee\/261618\/","title":{"rendered":"Jalgpalli noortekoondis alistas Bosnia ja v\u00f5itis s\u00f5prusturniiri | Jalgpall"},"content":{"rendered":"<p>Eesti noormeeste U-15 vanuseklassi jalgpallikoondis v\u00f5itis P\u00f5hja-Makedoonias toimunud UEFA s\u00f5prusturniiri, alistades viimases m\u00e4ngus 2:1 Bosnia ja Hertsegoviina.<\/p>\n<p>Eesti asus kohtumist juhtima juba enne veerandtunnise m\u00e4nguaja t\u00e4itumist, kui Remil Undrest p\u00e4\u00e4ses palliga karistusalasse ning saatis selle kindlalt lati alla, vahendab kohtumise k\u00e4iku <a href=\"https:\/\/jalgpall.ee\/koondis\/16\/uudised\/eesti-u15-koondis-alistas-bosnia-ja-hertsegoviina-ning-voitis-uefa-n26314\" target=\"_blank\" rel=\"noopener nofollow\">jalgpall.ee<\/a>. Juba 20 m\u00e4nguminutiga oli seis 2:0\u00a0\u2013 Eesti nurgal\u00f6\u00f6k j\u00e4i v\u00e4rava ette lahtiseks ning ehkki vastaste v\u00e4ravavaht suutis esimese ohtliku katse t\u00f5rjuda, saatis Marten Maimann tagasip\u00f5rkunud palli ikkagi v\u00f5rku.<\/p>\n<p>2:0 eduseis p\u00fcsis pikalt. Veerand tundi enne m\u00e4ngu l\u00f5ppu suutis Bosnia ja Hertsegoviina siiski \u00fche v\u00e4rava tagasi l\u00fc\u00fca, ent enamaks neil rammu ei j\u00e4tkunud\u00a0\u2013 Eesti sai seega turniiri kolmandast m\u00e4ngust kirja teise v\u00f5idu.<\/p>\n<p>Kuna Ukraina, kellest Eesti oli avam\u00e4ngus jagu saanud, alistas kolmap\u00e4evases m\u00e4ngus 1:0 v\u00f5\u00f5rustajariik\u00a0P\u00f5hja-Makedoonia, p\u00e4\u00e4dis turniir Eesti koondise jaoks v\u00f5iduga. Nii Eesti kui ka Ukraina teenisid kolmest m\u00e4ngust kuus punkti, ent omavahelise m\u00e4ngu v\u00f5it andis tipmise tabelirea just Eesti noormeestele.<\/p>\n<p>P\u00f5hja-Makedoonia j\u00e4i nelja punktiga kolmandaks ning Bosnia ja Hertsegoviina kahe punktiga (just nii palju andis penaltiseerias teenitud v\u00f5it) neljandaks.<\/p>\n","protected":false},"excerpt":{"rendered":"Eesti noormeeste U-15 vanuseklassi jalgpallikoondis v\u00f5itis P\u00f5hja-Makedoonias toimunud UEFA s\u00f5prusturniiri, alistades viimases m\u00e4ngus 2:1 Bosnia ja Hertsegoviina. Eesti&hellip;\n","protected":false},"author":2,"featured_media":261619,"comment_status":"","ping_status":"","sticky":false,"template":"","format":"standard","meta":{"footnotes":"","_share_on_mastodon":"0"},"categories":[18],"tags":[37,33,35,34,36,172,983,1513,2828,159,158,2826,2827,1442],"class_list":["post-261618","post","type-post","status-publish","format-standard","has-post-thumbnail","category-sport","tag-ee","tag-eesti","tag-eesti-keel","tag-estonia","tag-estonian","tag-jalgpall","tag-kergejoustik","tag-korvpall","tag-ralli","tag-sport","tag-sports","tag-talisport","tag-tennis","tag-vorkpall"],"share_on_mastodon":{"url":"https:\/\/pubeurope.com\/@ee\/117163060240452087","error":""},"_links":{"self":[{"href":"https:\/\/www.europesays.com\/ee\/wp-json\/wp\/v2\/posts\/261618","targetHints":{"allow":["GET"]}}],"collection":[{"href":"https:\/\/www.europesays.com\/ee\/wp-json\/wp\/v2\/posts"}],"about":[{"href":"https:\/\/www.europesays.com\/ee\/wp-json\/wp\/v2\/types\/post"}],"author":[{"embeddable":true,"href":"https:\/\/www.europesays.com\/ee\/wp-json\/wp\/v2\/users\/2"}],"replies":[{"embeddable":true,"href":"https:\/\/www.europesays.com\/ee\/wp-json\/wp\/v2\/comments?post=261618"}],"version-history":[{"count":0,"href":"https:\/\/www.europesays.com\/ee\/wp-json\/wp\/v2\/posts\/261618\/revisions"}],"wp:featuredmedia":[{"embeddable":true,"href":"https:\/\/www.europesays.com\/ee\/wp-json\/wp\/v2\/media\/261619"}],"wp:attachment":[{"href":"https:\/\/www.europesays.com\/ee\/wp-json\/wp\/v2\/media?parent=261618"}],"wp:term":[{"taxonomy":"category","embeddable":true,"href":"https:\/\/www.europesays.com\/ee\/wp-json\/wp\/v2\/categories?post=261618"},{"taxonomy":"post_tag","embeddable":true,"href":"https:\/\/www.europesays.com\/ee\/wp-json\/wp\/v2\/tags?post=261618"}],"curies":[{"name":"wp","href":"https:\/\/api.w.org\/{rel}","templated":true}]}}