{"id":261626,"date":"2026-08-26T17:56:20","date_gmt":"2026-08-26T17:56:20","guid":{"rendered":"https:\/\/www.europesays.com\/ee\/261626\/"},"modified":"2026-08-26T17:56:20","modified_gmt":"2026-08-26T17:56:20","slug":"selver-ja-selver-x-taltech-jatkavad-koostood-mis-algas-pudeliveest","status":"publish","type":"post","link":"https:\/\/www.europesays.com\/ee\/261626\/","title":{"rendered":"Selver ja Selver x TalTech j\u00e4tkavad koost\u00f6\u00f6d, mis algas pudeliveest"},"content":{"rendered":"<p>Kahe aastak\u00fcmne jooksul on Selveri nime kandnud meeskonnad kirjutanud Eesti <a rel=\"noopener nofollow\" target=\"_blank\" href=\"https:\/\/www.delfi.ee\/teema\/56816230\/vorkpall\" tag-id=\"56816230\">v\u00f5rkpalli<\/a> ajalukku mitmeid m\u00e4rkimisv\u00e4\u00e4rseid peat\u00fckke. Selle aja jooksul on v\u00f5idetud \u00fcheksa Eesti meistritiitlit, seitse Eesti karikat ja seitse <a rel=\"noopener nofollow\" target=\"_blank\" href=\"https:\/\/www.delfi.ee\/teema\/63883599\/balti-liiga\" tag-id=\"63883599\">Balti liiga<\/a> meistritiitlit ning esindatud Eestit Euroopa klubisarjades.<\/p>\n<p>Selveri toel on klubis sirgunud mitmeid Eesti koondislasi ning k\u00fcmned noorm\u00e4ngijad on saanud v\u00f5imaluse areneda tippsportlasteks. Mitmed kunagised m\u00e4ngijad panustavad t\u00e4na Eesti v\u00f5rkpalli juba treenerite, juhtide ja mentoritena.<\/p>\n<p>2022. aastal \u00fchendasid j\u00f5ud Selver Tallinn ja TalTech, tuues kokku klubi pikaajalised traditsioonid ning \u00fclikooli teadmised ja arengukeskkonna.<\/p>\n<p>Pressiteate kohaselt kinnitab uus koost\u00f6\u00f6leping m\u00f5lema poole usku Eesti v\u00f5rkpalli arengusse ning annab kindluse j\u00e4tkata t\u00f6\u00f6d nii esindusmeeskonna kui ka j\u00e4relkasvu nimel.<\/p>\n<p>\u201eSelver on olnud meie k\u00f5rval juba kaksk\u00fcmmend aastat ning selline j\u00e4rjepidevus on Eesti spordis erakordne. See n\u00e4itab, et tugev partnerlus ei s\u00fcnni \u00fche hooajaga, vaid kasvab koos \u00fchiste eesm\u00e4rkide, v\u00e4\u00e4rtuste ja inimestega. Oleme Selverile usalduse eest v\u00e4ga t\u00e4nulikud ning tahame j\u00e4rgmiste aastate jooksul pakkuda veel rohkem emotsioone nii f\u00e4nnidele, partneritele kui kogu Eesti v\u00f5rkpalliperele,\u201c \u00fctles Selver x TalTechi m\u00e4ned\u017eer Denis Losnikov pressiteate vahendusel.<\/p>\n<p>\u201eMeil on v\u00e4ga hea meel, et juba kaks aastak\u00fcmmet kestnud koost\u00f6\u00f6 j\u00e4tkub. Selle aja jooksul on sirgunud uus p\u00f5lvkond tublisid noori ning just laste ja noorte treeningute toetamine on meile eriliselt s\u00fcdamel\u00e4hedane. Oleme uhked, et saame anda oma panuse tugeva klubip\u00fcramiidi arengusse, mis \u00fchendab laste- ja noortespordi ning tipptasemel v\u00f5rkpalli,\u201c lisas omalt poolt Selveri juht Kristi Simonsen.<\/p>\n<p>K\u00f5ik algas pudeliveest<\/p>\n<p>Selveri teekond v\u00f5rkpalli toetajaks sai alguse \u00fcsna juhuslikult. Esmalt p\u00f6\u00f6rduti Tondi Selveri poole sooviga saada \u00fche v\u00f5istluse tarbeks toetuseks pudelivett. V\u00e4ikesest abipalvest kasvas kiiresti sisukas koost\u00f6\u00f6 ning peagi sai Selverist klubi nimisponsor. <\/p>\n<p>\u201ePeame oluliseks pikaajalisi partnerlussuhteid ja vastastikust lojaalsust. Selver on l\u00e4bi aastate toetanud valdkondi, mis aitavad kaasa inimeste heaolule ja tervislikumale eluviisile: sporti, laste ja noorte vaba aja tegevusi, tervist ning keskkonda. V\u00f5rkpall \u00fchendab neist mitu meie jaoks olulist v\u00e4\u00e4rtust,\u201c lisas Simonsen.<\/p>\n<p>2026\/2027 hooajal j\u00e4tkab Selver x TalTech eesm\u00e4rgiga kuuluda Eesti ja Balti liiga tippu ning pakkuda noortele v\u00f5rkpalluritele keskkonda, kus teha esimesed sammud tippspordi suunas.<\/p>\n<p>Kuidas see lugu Sind end tundma pani?Saada<a href=\"https:\/\/sport.delfi.ee\/artikkel\/120606220\/selver-ja-selver-x-taltech-jatkavad-20-aastat-kestnud-koostood\/kommentaarid\" class=\"button button--primary button--size-auto article-body-bottom__comment article-body-bottom__comment--write\" style=\"\" rel=\"nofollow noopener\" target=\"_blank\">Kommenteeri<\/a><a href=\"https:\/\/sport.delfi.ee\/artikkel\/120606220\/selver-ja-selver-x-taltech-jatkavad-20-aastat-kestnud-koostood\/kommentaarid\" class=\"button button--size-auto article-body-bottom__comment article-body-bottom__comment--read\" style=\"\" rel=\"nofollow noopener\" target=\"_blank\">Loe kommentaare <\/a><\/p>\n","protected":false},"excerpt":{"rendered":"Kahe aastak\u00fcmne jooksul on Selveri nime kandnud meeskonnad kirjutanud Eesti v\u00f5rkpalli ajalukku mitmeid m\u00e4rkimisv\u00e4\u00e4rseid peat\u00fckke. Selle aja jooksul&hellip;\n","protected":false},"author":2,"featured_media":261627,"comment_status":"","ping_status":"","sticky":false,"template":"","format":"standard","meta":{"footnotes":"","_share_on_mastodon":"0"},"categories":[18],"tags":[3954,37,33,35,34,36,8574,3952,52930,159,158,246,1442],"class_list":["post-261626","post","type-post","status-publish","format-standard","has-post-thumbnail","category-sport","tag-balti-liiga","tag-ee","tag-eesti","tag-eesti-keel","tag-estonia","tag-estonian","tag-selver","tag-selver-x-taltech","tag-sponsorlus","tag-sport","tag-sports","tag-taltech","tag-vorkpall"],"share_on_mastodon":{"url":"https:\/\/pubeurope.com\/@ee\/117163103642571739","error":""},"_links":{"self":[{"href":"https:\/\/www.europesays.com\/ee\/wp-json\/wp\/v2\/posts\/261626","targetHints":{"allow":["GET"]}}],"collection":[{"href":"https:\/\/www.europesays.com\/ee\/wp-json\/wp\/v2\/posts"}],"about":[{"href":"https:\/\/www.europesays.com\/ee\/wp-json\/wp\/v2\/types\/post"}],"author":[{"embeddable":true,"href":"https:\/\/www.europesays.com\/ee\/wp-json\/wp\/v2\/users\/2"}],"replies":[{"embeddable":true,"href":"https:\/\/www.europesays.com\/ee\/wp-json\/wp\/v2\/comments?post=261626"}],"version-history":[{"count":0,"href":"https:\/\/www.europesays.com\/ee\/wp-json\/wp\/v2\/posts\/261626\/revisions"}],"wp:featuredmedia":[{"embeddable":true,"href":"https:\/\/www.europesays.com\/ee\/wp-json\/wp\/v2\/media\/261627"}],"wp:attachment":[{"href":"https:\/\/www.europesays.com\/ee\/wp-json\/wp\/v2\/media?parent=261626"}],"wp:term":[{"taxonomy":"category","embeddable":true,"href":"https:\/\/www.europesays.com\/ee\/wp-json\/wp\/v2\/categories?post=261626"},{"taxonomy":"post_tag","embeddable":true,"href":"https:\/\/www.europesays.com\/ee\/wp-json\/wp\/v2\/tags?post=261626"}],"curies":[{"name":"wp","href":"https:\/\/api.w.org\/{rel}","templated":true}]}}