{"id":261640,"date":"2026-08-26T18:22:43","date_gmt":"2026-08-26T18:22:43","guid":{"rendered":"https:\/\/www.europesays.com\/ee\/261640\/"},"modified":"2026-08-26T18:22:43","modified_gmt":"2026-08-26T18:22:43","slug":"prokuratuur-alustab-draamateatri-lavastajaga-seoses-kriminaalmenetlust-eesti-ekspress","status":"publish","type":"post","link":"https:\/\/www.europesays.com\/ee\/261640\/","title":{"rendered":"Prokuratuur alustab Draamateatri lavastajaga seoses kriminaalmenetlust &#8211; Eesti Ekspress"},"content":{"rendered":"<ol>\n<li><a href=\"https:\/\/news.google.com\/rss\/articles\/CBMitgFBVV95cUxQRDExaEZLUFJSNnJfVEl3ei1nMGc2UUEzQmJsTWdWenRuQ240ai05RGRkZHNHYWptMGRvQkc1Y3BRRkRJcTlpaTZ6Y0pDdF9KYU1kMVdjNFpiYmt0bkdpUmstWnFKc3prNnFBSDlURmFQZVg3a3lyYklmZFBTbXlIdnVLSk5iWk5xREFIeUlacEhIVjB2REp5YzVjbHEzU1FiT2pIR1p5VHNiX0JDUV9ST0JZMXBaZw?oc=5\" target=\"_blank\" rel=\"nofollow noopener\">Prokuratuur alustab Draamateatri lavastajaga seoses kriminaalmenetlust<\/a>&nbsp;&nbsp;Eesti Ekspress<\/li>\n<li><a href=\"https:\/\/news.google.com\/rss\/articles\/CBMi8ANBVV95cUxOY2piLTk0THhRUFB0d2x1RDhrUWZ3dWYxV0tvUlJWZXVyT2poS0pXcXppZUw5a0Vabnk2MHFKVi0ySDYtenVObHd6VXpzcmZ4NXJuV2NqeWJMeUlmdDJuZTZjeF9tZ3dqcE9PUU9lSVZSRExOVmJBSDA5Vl8yZ3ZueE5VUHFKNFhDaXdBYmpWQjdJNU1iTHdEel9kd3pzdHVQQ21RRlB4bDBSeVA5YUhmS2VJNnUxOXkzLTI4ZDlCUTI2ekZHdlY4aE1mTVZRUS00VFJoY1ZWME5WemhHb0FuUHFmTUNwek01YUtQMkVESGk0ZElmS0dic19fbTlWeUVhR09DQWlONFdJaldHVzV0VkFHdWZNSThmRkd6N2JncVpVNU9SVzZKaXV1ZVh6SDBPYktHMVJkM0FCRGh3Y3FQdkI4ZHNFc09KdndreFdjTEszQ3BvTDVZdTh2eG1LZ1FpQUdJOHNsODhSdzJmekg5aWRaRGNEZExFMG01VUtVY3ZKUFpoQnI2YkV1S3hoUFNjdVNiUWlWb0VWOC1MWThHdDlQU29rSUpNUmliVWt2eXY4V2JWbjE0QXJ3V24wdWY0UzVuWWdPTWg4TzZuc1V1cEx3dzc4TmRUVnlscWhwZFVIbUl4TFJuc3N2WjBZRGVa?oc=5\" target=\"_blank\" rel=\"nofollow noopener\">POLIITIKARADAR | Vali oma v\u00f5itlusi. Ole nagu Isamaa<\/a>&nbsp;&nbsp;Eesti Ekspress<\/li>\n<li><a href=\"https:\/\/news.google.com\/rss\/articles\/CBMiuwFBVV95cUxQM3V0UjIxN2pIY3AxV1RRZy1heFdraFJjVXlodVE0OGk0NTVYSko3dVg3XzdfWllVVHRNZ2piVVVmLThUZS0yWlpkeDRmSzZxUkFra3ZfVjk5SDFRaDIwNEE1b29TbmhCcHNoaGFWTWN5bm1RNHJ6dzBpWDlPX1VYWjcyZ2pUMkEwWWVGVGZUcnBTZ0drS3BSU2ZjZm04a0Vhc05pU2pwa0tfNTlBa0k4bnFNeHBVQXUxYjNV?oc=5\" target=\"_blank\" rel=\"nofollow noopener\">NARKOSKANDAALI VALGUSES | Lavakunstikooli juht Mart Koldits: ka praegu teeksin sama otsuse<\/a>&nbsp;&nbsp;\u00d5htuleht<\/li>\n<li><a href=\"https:\/\/news.google.com\/rss\/articles\/CBMi5AFBVV95cUxPMU5yRnZ6VGtQU2RFR29VWWpsSDVsZ294REdvMUlHUHRZUGdaRjNNWVlWenNwRHB5ekdKY0pFLWZVSC1QVnVTanpTZWMyVk92OUlEUGFFQ1hITjRLb015M2RjNGxFRGw3dENodUJIVmxOOWJtbU5wMDNPcmlNMl9CV0M1a2NZQ3dXU0NRZzAyamQ4TXU5bG0zM0FrcnRKYjUtdVFXZWwzN0dKbFNkNVBqTUVQNnpPZzQ1OG9aNFVzMjF4bHJRYlg0LVRlWURzU0lnMVNwNVdmby00b1MxTk5OWXdyREs?oc=5\" target=\"_blank\" rel=\"nofollow noopener\">Draamateatri lavastaja pani kahe s\u00f5bra joogi sisse salaja MDMAd. K\u00f5ik r\u00e4\u00e4givad juhtunust l\u00e4bi oma pilgu<\/a>&nbsp;&nbsp;Eesti Ekspress<\/li>\n<li><a href=\"https:\/\/news.google.com\/rss\/articles\/CBMi9AFBVV95cUxNc0V3TEVRS2RtTlBtRjdZQVJuMlNYWEJWVUROaE9YNmxtZTFSQWVTT3pjZkxaNTNPSlAwa2tlWnpRTDBfNnE1TkM2R1c0QnBMWU13LXdKb0xJN1REelNaUXhoUzdidjZWYklmTUNYSUxIaFFyR1VoVUZ6N3lEbnI2TEhWaWlUT3FXdzEyNlJnSVlzWXNjakFiSHlweE90MEk1Y0dyc0lfWElreFFwZWlIWGVsVDJFejd3dktCdlhmbmpxa050NDdpU1pPVlIyQVZZYk41TnZ1aHo1TUVVV1NhRG1kRlhlVm51Z0txOFNxVTNwVXNU?oc=5\" target=\"_blank\" rel=\"nofollow noopener\">Lavaka juhendaja Mart Koldits ilmsiks tulnud MDMA skandaalist: n\u00fc\u00fcd, teades, mis sealt hiljem veel v\u00e4lja tuli&#8230;<\/a>&nbsp;&nbsp;Inbox.eu<\/li>\n<\/ol>\n","protected":false},"excerpt":{"rendered":"Prokuratuur alustab Draamateatri lavastajaga seoses kriminaalmenetlust&nbsp;&nbsp;Eesti Ekspress POLIITIKARADAR | Vali oma v\u00f5itlusi. Ole nagu Isamaa&nbsp;&nbsp;Eesti Ekspress NARKOSKANDAALI VALGUSES&hellip;\n","protected":false},"author":2,"featured_media":261641,"comment_status":"","ping_status":"","sticky":false,"template":"","format":"standard","meta":{"footnotes":"","_share_on_mastodon":"0"},"categories":[5],"tags":[26,27,37,33,1367,35,34,36,31,32,21,7137,28,29,59349,101177,3638,19,29178,25,10094,23,24,22,20,30],"class_list":["post-261640","post","type-post","status-publish","format-standard","has-post-thumbnail","category-uldised-uudised","tag-breaking-news","tag-breakingnews","tag-ee","tag-eesti","tag-eesti-draamateater","tag-eesti-keel","tag-estonia","tag-estonian","tag-featured-news","tag-featurednews","tag-headlines","tag-kriminaalmenetlus","tag-latest-news","tag-latestnews","tag-lavakunstikool","tag-mdma","tag-narkootikumid","tag-news","tag-oliver-reimann","tag-populaarseimad-lood","tag-prokuratuur","tag-top-stories","tag-topstories","tag-uldised-uudised","tag-uudised","tag-viimased-uudised"],"share_on_mastodon":{"url":"https:\/\/pubeurope.com\/@ee\/117163205864823901","error":""},"_links":{"self":[{"href":"https:\/\/www.europesays.com\/ee\/wp-json\/wp\/v2\/posts\/261640","targetHints":{"allow":["GET"]}}],"collection":[{"href":"https:\/\/www.europesays.com\/ee\/wp-json\/wp\/v2\/posts"}],"about":[{"href":"https:\/\/www.europesays.com\/ee\/wp-json\/wp\/v2\/types\/post"}],"author":[{"embeddable":true,"href":"https:\/\/www.europesays.com\/ee\/wp-json\/wp\/v2\/users\/2"}],"replies":[{"embeddable":true,"href":"https:\/\/www.europesays.com\/ee\/wp-json\/wp\/v2\/comments?post=261640"}],"version-history":[{"count":0,"href":"https:\/\/www.europesays.com\/ee\/wp-json\/wp\/v2\/posts\/261640\/revisions"}],"wp:featuredmedia":[{"embeddable":true,"href":"https:\/\/www.europesays.com\/ee\/wp-json\/wp\/v2\/media\/261641"}],"wp:attachment":[{"href":"https:\/\/www.europesays.com\/ee\/wp-json\/wp\/v2\/media?parent=261640"}],"wp:term":[{"taxonomy":"category","embeddable":true,"href":"https:\/\/www.europesays.com\/ee\/wp-json\/wp\/v2\/categories?post=261640"},{"taxonomy":"post_tag","embeddable":true,"href":"https:\/\/www.europesays.com\/ee\/wp-json\/wp\/v2\/tags?post=261640"}],"curies":[{"name":"wp","href":"https:\/\/api.w.org\/{rel}","templated":true}]}}