{"id":261658,"date":"2026-08-26T18:51:09","date_gmt":"2026-08-26T18:51:09","guid":{"rendered":"https:\/\/www.europesays.com\/ee\/261658\/"},"modified":"2026-08-26T18:51:09","modified_gmt":"2026-08-26T18:51:09","slug":"pm-ungaris-ungari-toi-mangu-eestiga-ses-mm-sarjas-uude-saali-kummale-saab-sellest-onnelik-paik-postimees-sport","status":"publish","type":"post","link":"https:\/\/www.europesays.com\/ee\/261658\/","title":{"rendered":"PM UNGARIS Ungari t\u00f5i m\u00e4ngu Eestiga ses MM-sarjas uude saali. Kummale saab sellest \u00f5nnelik paik? &#8211; Postimees Sport"},"content":{"rendered":"<ol>\n<li><a href=\"https:\/\/news.google.com\/rss\/articles\/CBMiyAFBVV95cUxNMWR0ZGJkeEM4OWUtal9SYk5ERWROcjhXVjNuVXk1Y0xJMHJqejd2UnFDRUFnN1A4VENUREFzUmd3cGNiVG05WFZIRTMyMy05TEcwc0U5LWtkTDhwMG92UU84YWt6TWpFODlPcS10U1lwV0U5OVdya0h6THRGQllWRU9pcGdrcTlDVUd2dF9JREJZSU1PM1NHaHozc210TzVkMHlaWEYzblNQMWRrZjh6NW93NnptNldfdmhRdWpmZUdxYnhzRXNpMQ?oc=5\" target=\"_blank\" rel=\"nofollow noopener\">PM UNGARIS Ungari t\u00f5i m\u00e4ngu Eestiga ses MM-sarjas uude saali. Kummale saab sellest \u00f5nnelik paik?<\/a>&nbsp;&nbsp;Postimees Sport<\/li>\n<li><a href=\"https:\/\/news.google.com\/rss\/articles\/CBMizwFBVV95cUxQaEo3dld5TzBzWk5KWE1WSUNnMjRUSU1aRnprUmhBSHJ0dEpodVJBdk9HT3ZXZmVyUjdmNFFpdWo0aGtabmhpelR2YXFUdnIyRnpUNVdiOHlSd3R4WlNySXFyQUxfNlowb1gtdUdXaUl6cVdqVjl1UmtjZnd3aTNOM3ZRT1pydlZmSmZrcTdmeWlzY2diODBuZ0UzRHQzYWRTaS15Ylgtc2l6elZzV1o4amhhQVcwOTF3em9MVWFZTHA4UkZhaTRiQzZfNnZTNDA?oc=5\" target=\"_blank\" rel=\"nofollow noopener\">Homme Eestiga madistav Ungari m\u00e4ngis alles Venemaaga, hukkam\u00f5istu asemel ootas neid hoopis aplaus<\/a>&nbsp;&nbsp;\u00d5htuleht<\/li>\n<li><a href=\"https:\/\/news.google.com\/rss\/articles\/CBMijAFBVV95cUxPbnFoajVjeXdwQ1FEZzYyMkU1R25RVmVwWjQxS1JHSGJNZGlFZjdld1JRZGluRDJlR2NYVjZBc0wxdWRiRFBKMEFLc0p1dHBVTTY3RjZaUXVYLUZUZzFRSEdTQ2ZoNWVwVG0yRVRjS1pIVzBKMmlRMy1iNzNzNmswSklEMXREdS1lRjNiTA?oc=5\" target=\"_blank\" rel=\"nofollow noopener\">Rannula: esimene koondiseaken on otsustava t\u00e4htsusega<\/a>&nbsp;&nbsp;sport | ERR<\/li>\n<li><a href=\"https:\/\/news.google.com\/rss\/articles\/CBMi8gFBVV95cUxNSnY0dnBpbXhFb1g5dmJJOW9RX003eGJLWmhoMU0yM25RWmZKRm5ncTMtNXFINW5fQmlpemgwa21wMEZUdWdQNDROSnpQaGN1a2dZMHJiZDNJWndsS3JjMHFOY25wWXlQaW1raU52SEV6Y3ZiRFpoSnY0RnZoaUctdWdIei01VzFKVm1XY2w5VkFtTG9KVWtaZjk1VklQZXJZNHgwdTA3V1lMdHhlOHh0UUFwYVViSmJFYk94TnRDd2poa0Z0bTB0R1p5R19GQXJJS0lDVS1LVDRUOU5MLXRURkFtSWVLaXNfNG1TOHdGaWd6Zw?oc=5\" target=\"_blank\" rel=\"nofollow noopener\">PUUST JA PUNASEKS \u27e9 Korvpallikoondisel on imeline MMile p\u00e4\u00e4semise v\u00f5imalus, isegi ei pea liiga palju v\u00f5itma<\/a>&nbsp;&nbsp;Inbox.eu<\/li>\n<li><a href=\"https:\/\/news.google.com\/rss\/articles\/CBMi2wFBVV95cUxPR0dUMGFyb2EtQUlYT2d2a1k2QXFqSkN4aUF1YURfdGdIeU1WdDhrYmhKWVQ1bGc5b3d5Qi1QcHhGbUxMVktacEVKSlBBNTZxTV9PSnJJdWtnS0wyNU9ER3RPNVN3eGs1MmdJV3dMTzRJeFRQcC11V0xJdUloeWxldW9ZWUZOeklVWkhqaGtITGFSTHgxT28xXzMwUE5KQnplUmZiZUNqUmMxbzVDUTlkb1I5N05CZm9aUTZ6Vm9pV0lnYmY5cF9yTktfS2xQdkRyaDdjdGZ6cFlaanc?oc=5\" target=\"_blank\" rel=\"nofollow noopener\">Delfi Sport<\/a>&nbsp;&nbsp;Delfi Sport<\/li>\n<\/ol>\n","protected":false},"excerpt":{"rendered":"PM UNGARIS Ungari t\u00f5i m\u00e4ngu Eestiga ses MM-sarjas uude saali. Kummale saab sellest \u00f5nnelik paik?&nbsp;&nbsp;Postimees Sport Homme Eestiga&hellip;\n","protected":false},"author":2,"featured_media":261659,"comment_status":"","ping_status":"","sticky":false,"template":"","format":"standard","meta":{"footnotes":"","_share_on_mastodon":"0"},"categories":[18],"tags":[54422,101576,37,33,35,3119,34,36,7310,17914,100825,1721,159,158,101578,101577,50931,6390,100754,101579],"class_list":["post-261658","post","type-post","status-publish","format-standard","has-post-thumbnail","category-sport","tag-bergamo-atalanta","tag-dvtk-arena","tag-ee","tag-eesti","tag-eesti-keel","tag-eesti-korvpallikoondis","tag-estonia","tag-estonian","tag-konverentsiliiga","tag-korvpalli-mm-valiksari","tag-miskolc","tag-postimees","tag-sport","tag-sports","tag-szekesfehervar","tag-szolnok","tag-szombathely","tag-tel-avivi-hapoel","tag-ungari-korvpallikoondis","tag-ville-arike"],"share_on_mastodon":{"url":"https:\/\/pubeurope.com\/@ee\/117163319885059522","error":""},"_links":{"self":[{"href":"https:\/\/www.europesays.com\/ee\/wp-json\/wp\/v2\/posts\/261658","targetHints":{"allow":["GET"]}}],"collection":[{"href":"https:\/\/www.europesays.com\/ee\/wp-json\/wp\/v2\/posts"}],"about":[{"href":"https:\/\/www.europesays.com\/ee\/wp-json\/wp\/v2\/types\/post"}],"author":[{"embeddable":true,"href":"https:\/\/www.europesays.com\/ee\/wp-json\/wp\/v2\/users\/2"}],"replies":[{"embeddable":true,"href":"https:\/\/www.europesays.com\/ee\/wp-json\/wp\/v2\/comments?post=261658"}],"version-history":[{"count":0,"href":"https:\/\/www.europesays.com\/ee\/wp-json\/wp\/v2\/posts\/261658\/revisions"}],"wp:featuredmedia":[{"embeddable":true,"href":"https:\/\/www.europesays.com\/ee\/wp-json\/wp\/v2\/media\/261659"}],"wp:attachment":[{"href":"https:\/\/www.europesays.com\/ee\/wp-json\/wp\/v2\/media?parent=261658"}],"wp:term":[{"taxonomy":"category","embeddable":true,"href":"https:\/\/www.europesays.com\/ee\/wp-json\/wp\/v2\/categories?post=261658"},{"taxonomy":"post_tag","embeddable":true,"href":"https:\/\/www.europesays.com\/ee\/wp-json\/wp\/v2\/tags?post=261658"}],"curies":[{"name":"wp","href":"https:\/\/api.w.org\/{rel}","templated":true}]}}