{"id":261710,"date":"2026-08-26T20:08:12","date_gmt":"2026-08-26T20:08:12","guid":{"rendered":"https:\/\/www.europesays.com\/ee\/261710\/"},"modified":"2026-08-26T20:08:12","modified_gmt":"2026-08-26T20:08:12","slug":"henri-drelli-maskiga-mangimise-valguses-piiroja-see-peab-otse-vastu-nina-tuleva-loogi-vaga-hasti-kinni-2","status":"publish","type":"post","link":"https:\/\/www.europesays.com\/ee\/261710\/","title":{"rendered":"Henri Drelli maskiga m\u00e4ngimise valguses. Piiroja: see peab otse vastu nina tuleva l\u00f6\u00f6gi v\u00e4ga h\u00e4sti kinni"},"content":{"rendered":"<p><img decoding=\"async\" src=\"https:\/\/www.europesays.com\/ee\/wp-content\/uploads\/2026\/08\/1787774892_808_200c530e-46c1-4146-95f2-6763266e08ac.jpg\" loading=\"lazy\" alt=\"Raio Piiroja m\u00e4ngis aastate jooksul mitu kohtumist nina kaitsva maskiga. Sel n\u00e4dalal jookseb maskiga v\u00e4ljakule Eesti korvpallikoondislane Henri Drell.\"\/><\/p>\n<p>Raio Piiroja m\u00e4ngis aastate jooksul mitu kohtumist nina kaitsva maskiga. Sel n\u00e4dalal jookseb maskiga v\u00e4ljakule Eesti korvpallikoondislane Henri Drell.<\/p>\n<p>FOTO: Marita Brigitta Mones \/ Eesti korvpalliliit| Jarek J\u00f5epera \/ \u00d5htuleht<\/p>\n<p>\u201eNina on lihtsalt selline \u00f5rn koht ja veel nurga tagant v\u00e4ljas ka kogu aeg,\u201c t\u00f5des Eesti pallim\u00e4ngijatest ilmselt k\u00f5ige rohkem nina kaitsva maskiga m\u00e4nginud <a rel=\"noopener nofollow\" target=\"_blank\" href=\"https:\/\/www.delfi.ee\/teema\/56497508\/raio-piiroja\" tag-id=\"56497508\">Raio Piiroja<\/a>.<\/p>\n","protected":false},"excerpt":{"rendered":"Raio Piiroja m\u00e4ngis aastate jooksul mitu kohtumist nina kaitsva maskiga. Sel n\u00e4dalal jookseb maskiga v\u00e4ljakule Eesti korvpallikoondislane Henri&hellip;\n","protected":false},"author":2,"featured_media":261711,"comment_status":"","ping_status":"","sticky":false,"template":"","format":"standard","meta":{"footnotes":"","_share_on_mastodon":"0"},"categories":[18],"tags":[37,33,35,34,36,41,23289,159,158],"class_list":["post-261710","post","type-post","status-publish","format-standard","has-post-thumbnail","category-sport","tag-ee","tag-eesti","tag-eesti-keel","tag-estonia","tag-estonian","tag-henri-drell","tag-raio-piiroja","tag-sport","tag-sports"],"share_on_mastodon":{"url":"https:\/\/pubeurope.com\/@ee\/117163622973630078","error":""},"_links":{"self":[{"href":"https:\/\/www.europesays.com\/ee\/wp-json\/wp\/v2\/posts\/261710","targetHints":{"allow":["GET"]}}],"collection":[{"href":"https:\/\/www.europesays.com\/ee\/wp-json\/wp\/v2\/posts"}],"about":[{"href":"https:\/\/www.europesays.com\/ee\/wp-json\/wp\/v2\/types\/post"}],"author":[{"embeddable":true,"href":"https:\/\/www.europesays.com\/ee\/wp-json\/wp\/v2\/users\/2"}],"replies":[{"embeddable":true,"href":"https:\/\/www.europesays.com\/ee\/wp-json\/wp\/v2\/comments?post=261710"}],"version-history":[{"count":0,"href":"https:\/\/www.europesays.com\/ee\/wp-json\/wp\/v2\/posts\/261710\/revisions"}],"wp:featuredmedia":[{"embeddable":true,"href":"https:\/\/www.europesays.com\/ee\/wp-json\/wp\/v2\/media\/261711"}],"wp:attachment":[{"href":"https:\/\/www.europesays.com\/ee\/wp-json\/wp\/v2\/media?parent=261710"}],"wp:term":[{"taxonomy":"category","embeddable":true,"href":"https:\/\/www.europesays.com\/ee\/wp-json\/wp\/v2\/categories?post=261710"},{"taxonomy":"post_tag","embeddable":true,"href":"https:\/\/www.europesays.com\/ee\/wp-json\/wp\/v2\/tags?post=261710"}],"curies":[{"name":"wp","href":"https:\/\/api.w.org\/{rel}","templated":true}]}}