{"id":261732,"date":"2026-08-26T20:30:14","date_gmt":"2026-08-26T20:30:14","guid":{"rendered":"https:\/\/www.europesays.com\/ee\/261732\/"},"modified":"2026-08-26T20:30:14","modified_gmt":"2026-08-26T20:30:14","slug":"bunker-partner-tunnistas-meistrite-liigas-armeenia-klubi-paremust-soccernet-ee","status":"publish","type":"post","link":"https:\/\/www.europesays.com\/ee\/261732\/","title":{"rendered":"Bunker Partner tunnistas Meistrite liigas Armeenia klubi paremust &#8211; Soccernet.ee"},"content":{"rendered":"<p><img decoding=\"async\" src=\"https:\/\/www.europesays.com\/ee\/wp-content\/uploads\/2026\/08\/1787771896.jpg\" alt=\"Tallinna FC Bunker Partner sai 1:5 kaotuse. Foto: Liisi Troska \/ jalgpall.ee\"\/>&#13;\n<\/p>\n<p>Eesti saalijalgpalli valitsev meister Tallinna FC Bunker Partner alustas 26. augustil Armeenias peetavat Meistrite liiga eelringi kaotusega, kui kohalikule klubile Unisport FC j\u00e4\u00e4di alla 1:5.<\/p>\n<p>Vastane teenis kohtumises kiire avav\u00e4rava, kui juba 24 sekundil v\u00f5rk sahisema pandi. Esimesel poolajal j\u00f5uti veel sihile \u00fchel korral, kui Unisport 8. minutil oma edu kahev\u00e4ravaliseks kasvatas. Teise poolaja alguses, 22. minutil edu kasvas: vastane tabas esmalt k\u00fcll v\u00e4ravaraami, kuid j\u00e4tkuolukorras saadeti nahkkera v\u00e4ravavahi selja taha, kirjutab <a href=\"https:\/\/jalgpall.ee\/voistlused\/uudised\/bunker-partner-tunnistas-meistrite-liiga-avakohtumises-vastase-n26315?siteacc=events\" rel=\"nofollow noopener\" target=\"_blank\">jalgpall.ee<\/a>.\u00a0&#13;\n<\/p>\n<p>Unispordi kaks \u00fclej\u00e4\u00e4nud tabamust s\u00fcndisid 24. ja 37. minutil. Vahepeal, 29. minutil suutis Eesti eest autabamuse vormistada Ervin St\u00fcf. S\u00f6\u00f6du andis St\u00fcfile v\u00e4ravasuul seisnud Mark Boskin.\u00a0&#13;\n<\/p>\n<p>Lisaks Armeenia klubile kuulub Eesti meestkond \u00fchte alagruppi Saksamaa meistri Weilimdorfi TSV ning Islandi klubi Reykjaviki KM-iga. J\u00e4rgmine kohtumine ootab Bunkerit ees 27. augustil, kui kell 14 algavas m\u00e4ngus minnakse vastamisi Weilimdorfiga.<\/p>\n<p>Turniiri ajakava (Eesti aja j\u00e4rgi):&#13;\n<\/p>\n<p>26. august kell 14.00: TSV Weilimdorf \u2013 KM Reykjavik 13:1<br \/>&#13;<br \/>\n26. august kell 18.00: Tallinna FC Bunker Partner \u2013 Unisport FC 1:5<br \/>&#13;<br \/>\n27. august kell 14.00: Tallinna FC Bunker Partner \u2013 TSV Weilimdorf<br \/>&#13;<br \/>\n27. august kell 18.00: Unisport FC \u2013 KM Reykjavik<br \/>&#13;<br \/>\n29. august kell 13.00: KM Reykjavik \u2013 Tallinna FC Bunker Partner<br \/>&#13;<br \/>\n29. august kell 17.00: Unisport FC \u2013 TSV Weilimdorf<\/p>\n","protected":false},"excerpt":{"rendered":"&#13; Eesti saalijalgpalli valitsev meister Tallinna FC Bunker Partner alustas 26. augustil Armeenias peetavat Meistrite liiga eelringi kaotusega,&hellip;\n","protected":false},"author":2,"featured_media":261733,"comment_status":"","ping_status":"","sticky":false,"template":"","format":"standard","meta":{"footnotes":"","_share_on_mastodon":"0"},"categories":[18],"tags":[57487,8206,37,33,35,34,36,12035,4012,101594,159,158],"class_list":["post-261732","post","type-post","status-publish","format-standard","has-post-thumbnail","category-sport","tag-bunker","tag-bunker-partner","tag-ee","tag-eesti","tag-eesti-keel","tag-estonia","tag-estonian","tag-partner","tag-saalijalgpall","tag-saalijalgpalli-meistrite","tag-sport","tag-sports"],"share_on_mastodon":{"url":"https:\/\/pubeurope.com\/@ee\/117163709666824711","error":""},"_links":{"self":[{"href":"https:\/\/www.europesays.com\/ee\/wp-json\/wp\/v2\/posts\/261732","targetHints":{"allow":["GET"]}}],"collection":[{"href":"https:\/\/www.europesays.com\/ee\/wp-json\/wp\/v2\/posts"}],"about":[{"href":"https:\/\/www.europesays.com\/ee\/wp-json\/wp\/v2\/types\/post"}],"author":[{"embeddable":true,"href":"https:\/\/www.europesays.com\/ee\/wp-json\/wp\/v2\/users\/2"}],"replies":[{"embeddable":true,"href":"https:\/\/www.europesays.com\/ee\/wp-json\/wp\/v2\/comments?post=261732"}],"version-history":[{"count":0,"href":"https:\/\/www.europesays.com\/ee\/wp-json\/wp\/v2\/posts\/261732\/revisions"}],"wp:featuredmedia":[{"embeddable":true,"href":"https:\/\/www.europesays.com\/ee\/wp-json\/wp\/v2\/media\/261733"}],"wp:attachment":[{"href":"https:\/\/www.europesays.com\/ee\/wp-json\/wp\/v2\/media?parent=261732"}],"wp:term":[{"taxonomy":"category","embeddable":true,"href":"https:\/\/www.europesays.com\/ee\/wp-json\/wp\/v2\/categories?post=261732"},{"taxonomy":"post_tag","embeddable":true,"href":"https:\/\/www.europesays.com\/ee\/wp-json\/wp\/v2\/tags?post=261732"}],"curies":[{"name":"wp","href":"https:\/\/api.w.org\/{rel}","templated":true}]}}