{"id":261768,"date":"2026-08-26T21:47:12","date_gmt":"2026-08-26T21:47:12","guid":{"rendered":"https:\/\/www.europesays.com\/ee\/261768\/"},"modified":"2026-08-26T21:47:12","modified_gmt":"2026-08-26T21:47:12","slug":"noor-britt-voitis-vuelta-velotuuril-teise-etapi","status":"publish","type":"post","link":"https:\/\/www.europesays.com\/ee\/261768\/","title":{"rendered":"Noor britt v\u00f5itis Vuelta velotuuril teise etapi"},"content":{"rendered":"<p>Brennan v\u00f5itis 173,3 km pikkuse viienda etapi fini\u0161iheitluses, kus talle j\u00e4rgnesid belglane Jordi Meeus (Red Bull &#8211; BORA &#8211; hansgrohe) ja itaallane Vincenzo Albanese (EF Education &#8211; EasyPost). Inglane oli v\u00f5idutsenud ka velotuuri teisel etapil.<\/p>\n<p>\u00dcldarvestuses olulisi muutusi ei toimunud ning liidrina j\u00e4tkab Sloveenia \u00e4ss <a rel=\"noopener nofollow\" target=\"_blank\" href=\"https:\/\/www.delfi.ee\/teema\/96945267\/tadej-pogacar-1\" tag-id=\"96945267\">Tadej Poga\u010dar<\/a> (UAE Team Emirates &#8211; XRG), kes edestab kokkuv\u00f5ttes kaasmaalast Primo\u017e Rogli\u010dit (Red Bull &#8211; BORA &#8211; hansgrohe) kolme minuti ja 21 sekundiga. Kolmandal kohal asuv hispaanlane Enric Mas (Movistar) kaotab liidrile 3.32-ga.<\/p>\n<p>Vuelta velotuur l\u00f5ppeb 13. septembril L\u00f5una-Hispaanias Granadas. <\/p>\n<p>Kuidas see lugu Sind end tundma pani?Saada<a href=\"https:\/\/sport.delfi.ee\/artikkel\/120606374\/noor-britt-voitis-vuelta-velotuuril-teise-etapi\/kommentaarid\" class=\"button button--primary button--size-auto article-body-bottom__comment article-body-bottom__comment--write\" style=\"\" rel=\"nofollow noopener\" target=\"_blank\">Kommenteeri<\/a><a href=\"https:\/\/sport.delfi.ee\/artikkel\/120606374\/noor-britt-voitis-vuelta-velotuuril-teise-etapi\/kommentaarid\" class=\"button button--size-auto article-body-bottom__comment article-body-bottom__comment--read\" style=\"\" rel=\"nofollow noopener\" target=\"_blank\">Loe kommentaare <\/a><\/p>\n","protected":false},"excerpt":{"rendered":"Brennan v\u00f5itis 173,3 km pikkuse viienda etapi fini\u0161iheitluses, kus talle j\u00e4rgnesid belglane Jordi Meeus (Red Bull &#8211; BORA&hellip;\n","protected":false},"author":2,"featured_media":261769,"comment_status":"","ping_status":"","sticky":false,"template":"","format":"standard","meta":{"footnotes":"","_share_on_mastodon":"0"},"categories":[18],"tags":[37,33,35,34,36,520,159,158,5382,2477],"class_list":["post-261768","post","type-post","status-publish","format-standard","has-post-thumbnail","category-sport","tag-ee","tag-eesti","tag-eesti-keel","tag-estonia","tag-estonian","tag-jalgrattasport","tag-sport","tag-sports","tag-tadej-pogacar","tag-vuelta"],"share_on_mastodon":{"url":"https:\/\/pubeurope.com\/@ee\/117164012093368907","error":""},"_links":{"self":[{"href":"https:\/\/www.europesays.com\/ee\/wp-json\/wp\/v2\/posts\/261768","targetHints":{"allow":["GET"]}}],"collection":[{"href":"https:\/\/www.europesays.com\/ee\/wp-json\/wp\/v2\/posts"}],"about":[{"href":"https:\/\/www.europesays.com\/ee\/wp-json\/wp\/v2\/types\/post"}],"author":[{"embeddable":true,"href":"https:\/\/www.europesays.com\/ee\/wp-json\/wp\/v2\/users\/2"}],"replies":[{"embeddable":true,"href":"https:\/\/www.europesays.com\/ee\/wp-json\/wp\/v2\/comments?post=261768"}],"version-history":[{"count":0,"href":"https:\/\/www.europesays.com\/ee\/wp-json\/wp\/v2\/posts\/261768\/revisions"}],"wp:featuredmedia":[{"embeddable":true,"href":"https:\/\/www.europesays.com\/ee\/wp-json\/wp\/v2\/media\/261769"}],"wp:attachment":[{"href":"https:\/\/www.europesays.com\/ee\/wp-json\/wp\/v2\/media?parent=261768"}],"wp:term":[{"taxonomy":"category","embeddable":true,"href":"https:\/\/www.europesays.com\/ee\/wp-json\/wp\/v2\/categories?post=261768"},{"taxonomy":"post_tag","embeddable":true,"href":"https:\/\/www.europesays.com\/ee\/wp-json\/wp\/v2\/tags?post=261768"}],"curies":[{"name":"wp","href":"https:\/\/api.w.org\/{rel}","templated":true}]}}