{"id":261770,"date":"2026-08-26T21:50:14","date_gmt":"2026-08-26T21:50:14","guid":{"rendered":"https:\/\/www.europesays.com\/ee\/261770\/"},"modified":"2026-08-26T21:50:14","modified_gmt":"2026-08-26T21:50:14","slug":"uuring-%e2%9f%a9-joogivett-ida-virumaal-piisab-toostuste-jaoks-head-lahendust-pole","status":"publish","type":"post","link":"https:\/\/www.europesays.com\/ee\/261770\/","title":{"rendered":"UURING \u27e9 Joogivett Ida-Virumaal piisab, t\u00f6\u00f6stuste jaoks head lahendust pole"},"content":{"rendered":"<p>Veev\u00f5tu piiramine Kurtna j\u00e4rvede piirkonnast n\u00f5uab miljoneid eurosid, et Kohtla-J\u00e4rvel ja J\u00f5hvis ka edaspidi puhast joogivett j\u00e4tkuks. Valmisolek joogivesi igas olukorras inimesteni viia lisab veel k\u00fcmneid miljoneid.<\/p>\n<p>Kui J\u00e4rve Biopuhastus peatselt enam Kurtna-Vasavere veehaardest senises koguses v\u00e4lja pumbata ei saa, tuleb joogivee tootmiseks leida teisi lahendusi.<\/p>\n","protected":false},"excerpt":{"rendered":"Veev\u00f5tu piiramine Kurtna j\u00e4rvede piirkonnast n\u00f5uab miljoneid eurosid, et Kohtla-J\u00e4rvel ja J\u00f5hvis ka edaspidi puhast joogivett j\u00e4tkuks. Valmisolek&hellip;\n","protected":false},"author":2,"featured_media":261771,"comment_status":"","ping_status":"","sticky":false,"template":"","format":"standard","meta":{"footnotes":"","_share_on_mastodon":"0"},"categories":[12],"tags":[26,27,37,33,35,34,36,31,32,21,9840,51425,101601,28,29,19,101600,25,23,24,22,20,30],"class_list":["post-261770","post","type-post","status-publish","format-standard","has-post-thumbnail","category-eesti","tag-breaking-news","tag-breakingnews","tag-ee","tag-eesti","tag-eesti-keel","tag-estonia","tag-estonian","tag-featured-news","tag-featurednews","tag-headlines","tag-joogivesi","tag-kurtna-jarved","tag-kurtna-vasavere-veehaare","tag-latest-news","tag-latestnews","tag-news","tag-ou-jarve-biopuhastus","tag-populaarseimad-lood","tag-top-stories","tag-topstories","tag-uldised-uudised","tag-uudised","tag-viimased-uudised"],"share_on_mastodon":{"url":"https:\/\/pubeurope.com\/@ee\/117164023884495245","error":""},"_links":{"self":[{"href":"https:\/\/www.europesays.com\/ee\/wp-json\/wp\/v2\/posts\/261770","targetHints":{"allow":["GET"]}}],"collection":[{"href":"https:\/\/www.europesays.com\/ee\/wp-json\/wp\/v2\/posts"}],"about":[{"href":"https:\/\/www.europesays.com\/ee\/wp-json\/wp\/v2\/types\/post"}],"author":[{"embeddable":true,"href":"https:\/\/www.europesays.com\/ee\/wp-json\/wp\/v2\/users\/2"}],"replies":[{"embeddable":true,"href":"https:\/\/www.europesays.com\/ee\/wp-json\/wp\/v2\/comments?post=261770"}],"version-history":[{"count":0,"href":"https:\/\/www.europesays.com\/ee\/wp-json\/wp\/v2\/posts\/261770\/revisions"}],"wp:featuredmedia":[{"embeddable":true,"href":"https:\/\/www.europesays.com\/ee\/wp-json\/wp\/v2\/media\/261771"}],"wp:attachment":[{"href":"https:\/\/www.europesays.com\/ee\/wp-json\/wp\/v2\/media?parent=261770"}],"wp:term":[{"taxonomy":"category","embeddable":true,"href":"https:\/\/www.europesays.com\/ee\/wp-json\/wp\/v2\/categories?post=261770"},{"taxonomy":"post_tag","embeddable":true,"href":"https:\/\/www.europesays.com\/ee\/wp-json\/wp\/v2\/tags?post=261770"}],"curies":[{"name":"wp","href":"https:\/\/api.w.org\/{rel}","templated":true}]}}