{"id":261774,"date":"2026-08-26T22:01:35","date_gmt":"2026-08-26T22:01:35","guid":{"rendered":"https:\/\/www.europesays.com\/ee\/261774\/"},"modified":"2026-08-26T22:01:35","modified_gmt":"2026-08-26T22:01:35","slug":"bolt-toetab-informaatika-naistudengeid-stipendiumiga","status":"publish","type":"post","link":"https:\/\/www.europesays.com\/ee\/261774\/","title":{"rendered":"Bolt toetab informaatika naistudengeid stipendiumiga"},"content":{"rendered":"<p>Tartu \u00fclikooli arvutiteaduse instituudi asejuhataja ja informaatika kaasprofessor Marina Lepp leiab, et koos tehnoloogia t\u00e4htsuse kasvuga peab mitmekesisemaks muutuma ka selle tehnoloogia loojate ring. \u00abIT m\u00f5jutab \u00fcha enam k\u00f5iki eluvaldkondi ning seet\u00f5ttu vajame erinevate kogemuste ja vaatenurkadega inimesi,\u00bb \u00fctles ta. \u00abNaiste suurem osalus rikastab valdkonda ja aitab luua lahendusi, mis arvestavad paremini kogu \u00fchiskonna vajadustega.\u00bb<\/p>\n","protected":false},"excerpt":{"rendered":"Tartu \u00fclikooli arvutiteaduse instituudi asejuhataja ja informaatika kaasprofessor Marina Lepp leiab, et koos tehnoloogia t\u00e4htsuse kasvuga peab mitmekesisemaks&hellip;\n","protected":false},"author":2,"featured_media":261775,"comment_status":"","ping_status":"","sticky":false,"template":"","format":"standard","meta":{"footnotes":"","_share_on_mastodon":"0"},"categories":[12],"tags":[4843,26,27,37,33,35,591,34,36,31,32,21,28,29,3448,19,25,249,1802,23,24,4842,22,293,20,30],"class_list":["post-261774","post","type-post","status-publish","format-standard","has-post-thumbnail","category-eesti","tag-annelinn","tag-breaking-news","tag-breakingnews","tag-ee","tag-eesti","tag-eesti-keel","tag-emajogi","tag-estonia","tag-estonian","tag-featured-news","tag-featurednews","tag-headlines","tag-latest-news","tag-latestnews","tag-maaulikool","tag-news","tag-populaarseimad-lood","tag-tartu","tag-tartumaa","tag-top-stories","tag-topstories","tag-tu","tag-uldised-uudised","tag-ulikool","tag-uudised","tag-viimased-uudised"],"share_on_mastodon":{"url":"https:\/\/pubeurope.com\/@ee\/117164067125433064","error":""},"_links":{"self":[{"href":"https:\/\/www.europesays.com\/ee\/wp-json\/wp\/v2\/posts\/261774","targetHints":{"allow":["GET"]}}],"collection":[{"href":"https:\/\/www.europesays.com\/ee\/wp-json\/wp\/v2\/posts"}],"about":[{"href":"https:\/\/www.europesays.com\/ee\/wp-json\/wp\/v2\/types\/post"}],"author":[{"embeddable":true,"href":"https:\/\/www.europesays.com\/ee\/wp-json\/wp\/v2\/users\/2"}],"replies":[{"embeddable":true,"href":"https:\/\/www.europesays.com\/ee\/wp-json\/wp\/v2\/comments?post=261774"}],"version-history":[{"count":0,"href":"https:\/\/www.europesays.com\/ee\/wp-json\/wp\/v2\/posts\/261774\/revisions"}],"wp:featuredmedia":[{"embeddable":true,"href":"https:\/\/www.europesays.com\/ee\/wp-json\/wp\/v2\/media\/261775"}],"wp:attachment":[{"href":"https:\/\/www.europesays.com\/ee\/wp-json\/wp\/v2\/media?parent=261774"}],"wp:term":[{"taxonomy":"category","embeddable":true,"href":"https:\/\/www.europesays.com\/ee\/wp-json\/wp\/v2\/categories?post=261774"},{"taxonomy":"post_tag","embeddable":true,"href":"https:\/\/www.europesays.com\/ee\/wp-json\/wp\/v2\/tags?post=261774"}],"curies":[{"name":"wp","href":"https:\/\/api.w.org\/{rel}","templated":true}]}}