{"id":261776,"date":"2026-08-26T22:09:11","date_gmt":"2026-08-26T22:09:11","guid":{"rendered":"https:\/\/www.europesays.com\/ee\/261776\/"},"modified":"2026-08-26T22:09:11","modified_gmt":"2026-08-26T22:09:11","slug":"tristan-aleksandrov-maadles-end-maailma-viiendaks","status":"publish","type":"post","link":"https:\/\/www.europesays.com\/ee\/261776\/","title":{"rendered":"Tristan Aleksandrov maadles end maailma viiendaks"},"content":{"rendered":"<p>Viljandi maadleja Tristan Aleksandrov l\u00f5petas Slovakkias Bratislavas peetud alla 20-aastaste maailmameistriv\u00f5istlused kehakaalus alla 79 kilogrammi viienda kohaga. Medal j\u00e4i k\u00f5igest \u00fche v\u00f5idu kaugusele.<\/p>\n<p>20-aastane Aleksandrov alustas v\u00f5istlust kaheksandikfinaalist, kus alistas Moldova maadleja Adrian Flocea 11:1. Veerandfinaalis sai ta punktidega 5:3 jagu sakslasest Felix Schmitist.<\/p>\n","protected":false},"excerpt":{"rendered":"Viljandi maadleja Tristan Aleksandrov l\u00f5petas Slovakkias Bratislavas peetud alla 20-aastaste maailmameistriv\u00f5istlused kehakaalus alla 79 kilogrammi viienda kohaga. Medal&hellip;\n","protected":false},"author":2,"featured_media":261777,"comment_status":"","ping_status":"","sticky":false,"template":"","format":"standard","meta":{"footnotes":"","_share_on_mastodon":"0"},"categories":[18],"tags":[101604,1349,37,33,35,24486,34,36,1946,101603,6935,93110,159,158,57771,101602,986],"class_list":["post-261776","post","type-post","status-publish","format-standard","has-post-thumbnail","category-sport","tag-bohdan-oleksienko","tag-bratislava","tag-ee","tag-eesti","tag-eesti-keel","tag-eesti-maadlusliit","tag-estonia","tag-estonian","tag-gruusia","tag-ismail-khanijev","tag-maadlus","tag-rain-aleksandrov","tag-sport","tag-sports","tag-tristan-aleksandrov","tag-u20-maailmameistrivoistlused","tag-viljandi"],"share_on_mastodon":{"url":"https:\/\/pubeurope.com\/@ee\/117164098673981685","error":""},"_links":{"self":[{"href":"https:\/\/www.europesays.com\/ee\/wp-json\/wp\/v2\/posts\/261776","targetHints":{"allow":["GET"]}}],"collection":[{"href":"https:\/\/www.europesays.com\/ee\/wp-json\/wp\/v2\/posts"}],"about":[{"href":"https:\/\/www.europesays.com\/ee\/wp-json\/wp\/v2\/types\/post"}],"author":[{"embeddable":true,"href":"https:\/\/www.europesays.com\/ee\/wp-json\/wp\/v2\/users\/2"}],"replies":[{"embeddable":true,"href":"https:\/\/www.europesays.com\/ee\/wp-json\/wp\/v2\/comments?post=261776"}],"version-history":[{"count":0,"href":"https:\/\/www.europesays.com\/ee\/wp-json\/wp\/v2\/posts\/261776\/revisions"}],"wp:featuredmedia":[{"embeddable":true,"href":"https:\/\/www.europesays.com\/ee\/wp-json\/wp\/v2\/media\/261777"}],"wp:attachment":[{"href":"https:\/\/www.europesays.com\/ee\/wp-json\/wp\/v2\/media?parent=261776"}],"wp:term":[{"taxonomy":"category","embeddable":true,"href":"https:\/\/www.europesays.com\/ee\/wp-json\/wp\/v2\/categories?post=261776"},{"taxonomy":"post_tag","embeddable":true,"href":"https:\/\/www.europesays.com\/ee\/wp-json\/wp\/v2\/tags?post=261776"}],"curies":[{"name":"wp","href":"https:\/\/api.w.org\/{rel}","templated":true}]}}