{"id":261778,"date":"2026-08-26T22:10:09","date_gmt":"2026-08-26T22:10:09","guid":{"rendered":"https:\/\/www.europesays.com\/ee\/261778\/"},"modified":"2026-08-26T22:10:09","modified_gmt":"2026-08-26T22:10:09","slug":"ettevotjad-saavad-kusida-tehisaru-kasutuselevotu-toetust","status":"publish","type":"post","link":"https:\/\/www.europesays.com\/ee\/261778\/","title":{"rendered":"Ettev\u00f5tjad saavad k\u00fcsida tehisaru kasutuselev\u00f5tu toetust"},"content":{"rendered":"<p>Toetust saavad taotleda Eesti \u00e4riregistrisse kantud ettev\u00f5tted, kelle eelmise majandusaasta m\u00fc\u00fcgitulu oli v\u00e4hemalt 200 000 eurot. Projekti kestus saab olla kuni \u00fcheksa kuud ning toetusega elluviidava tehisaru projekti tulemuseks peab olema konkreetne m\u00f5ju: n\u00e4iteks tootlikkuse, m\u00fc\u00fcgitulu v\u00f5i ekspordik\u00e4ibe kasv, kuluefektiivsuse paranemine v\u00f5i \u00e4riprotsesside automatiseerituse taseme t\u00f5us. Toetus makstakse v\u00e4lja p\u00e4rast tegevuste elluviimist ja tulemuse saavutamise t\u00f5endamist.<\/p>\n","protected":false},"excerpt":{"rendered":"Toetust saavad taotleda Eesti \u00e4riregistrisse kantud ettev\u00f5tted, kelle eelmise majandusaasta m\u00fc\u00fcgitulu oli v\u00e4hemalt 200 000 eurot. Projekti kestus&hellip;\n","protected":false},"author":2,"featured_media":261779,"comment_status":"","ping_status":"","sticky":false,"template":"","format":"standard","meta":{"footnotes":"","_share_on_mastodon":"0"},"categories":[14],"tags":[131,130,37,33,15961,35,34,36,3871,24126,1284,1016,2559,814,373],"class_list":["post-261778","post","type-post","status-publish","format-standard","has-post-thumbnail","category-ari","tag-ari","tag-business","tag-ee","tag-eesti","tag-eesti-ettevotted","tag-eesti-keel","tag-estonia","tag-estonian","tag-ettevotluse-ja-innovatsiooni-sihtasutus","tag-ettevotlustoetus","tag-konkurentsivoime","tag-riigieelarve","tag-statistikaamet","tag-tehisaru","tag-tehisintellekt"],"share_on_mastodon":{"url":"https:\/\/pubeurope.com\/@ee\/117164102426308668","error":""},"_links":{"self":[{"href":"https:\/\/www.europesays.com\/ee\/wp-json\/wp\/v2\/posts\/261778","targetHints":{"allow":["GET"]}}],"collection":[{"href":"https:\/\/www.europesays.com\/ee\/wp-json\/wp\/v2\/posts"}],"about":[{"href":"https:\/\/www.europesays.com\/ee\/wp-json\/wp\/v2\/types\/post"}],"author":[{"embeddable":true,"href":"https:\/\/www.europesays.com\/ee\/wp-json\/wp\/v2\/users\/2"}],"replies":[{"embeddable":true,"href":"https:\/\/www.europesays.com\/ee\/wp-json\/wp\/v2\/comments?post=261778"}],"version-history":[{"count":0,"href":"https:\/\/www.europesays.com\/ee\/wp-json\/wp\/v2\/posts\/261778\/revisions"}],"wp:featuredmedia":[{"embeddable":true,"href":"https:\/\/www.europesays.com\/ee\/wp-json\/wp\/v2\/media\/261779"}],"wp:attachment":[{"href":"https:\/\/www.europesays.com\/ee\/wp-json\/wp\/v2\/media?parent=261778"}],"wp:term":[{"taxonomy":"category","embeddable":true,"href":"https:\/\/www.europesays.com\/ee\/wp-json\/wp\/v2\/categories?post=261778"},{"taxonomy":"post_tag","embeddable":true,"href":"https:\/\/www.europesays.com\/ee\/wp-json\/wp\/v2\/tags?post=261778"}],"curies":[{"name":"wp","href":"https:\/\/api.w.org\/{rel}","templated":true}]}}