{"id":261836,"date":"2026-08-27T02:14:15","date_gmt":"2026-08-27T02:14:15","guid":{"rendered":"https:\/\/www.europesays.com\/ee\/261836\/"},"modified":"2026-08-27T02:14:15","modified_gmt":"2026-08-27T02:14:15","slug":"tanel-tang-ei-taha-olla-lihtsalt-munatootja","status":"publish","type":"post","link":"https:\/\/www.europesays.com\/ee\/261836\/","title":{"rendered":"Tanel Tang ei taha olla lihtsalt munatootja"},"content":{"rendered":"<p class=\"isSelectedEnd\">\u201eP\u00f5llumehi vaadates oli n\u00e4ha, et nad olid oma t\u00f6\u00f6 \u00fcle uhked. Silm s\u00e4ras. Nad olid uhked, et saavad Eesti inimestele toitu toota,\u201c meenutab Tang.<\/p>\n<p>2020. aastal kolis ta Saaremaale ja alustas mahemunade tootmist. Esialgu oli plaan tagasihoidlik, tegelikkus aga kasvas kiiresti \u00fcle pea. Koroonakevadel saabus tema vast soetatud vanasse lauta koguni 1500 kana \u2013 algaja kanapidaja jaoks paras ports. Laut tuli valmis saada kahe kuuga ajal, kui Saaremaa oli muust Eestist eraldatud.<\/p>\n<p class=\"isSelectedEnd\">Tagantj\u00e4rele v\u00f5ib \u00f6elda, et kanad olid alles algus.<\/p>\n<p><img decoding=\"async\" src=\"https:\/\/www.europesays.com\/ee\/wp-content\/uploads\/2026\/08\/1787796854_997_eea44905-f812-43f0-a9e2-19681d76b805.jpg\" loading=\"lazy\"\/><\/p>\n<p>Lisandv\u00e4\u00e4rtus tootmisele<\/p>\n<p class=\"isSelectedEnd\">\u201eTahtsin toota midagi, mille puhul saan ise hinda m\u00e4\u00e4rata ja m\u00fc\u00fca. Luua toormele lisandv\u00e4\u00e4rtust,\u201c selgitab Tang.<\/p>\n<p class=\"isSelectedEnd\">Seega on muna k\u00f5rvale kasvanud pagaritootmine koos kohvikuga ja majoneesid. Viimase suurimaks tunnustuseks tuli t\u00e4navu Eesti parima toiduaine konkursi rahva lemmiku tiitel Taneli majoneesile kurgiga. Rahvah\u00e4\u00e4letusel kogus see 785 h\u00e4\u00e4lt.<\/p>\n<p>2025. aastal ulatus Tanel Tangu firma Tang O\u00dc k\u00e4ive 548 414 euroni. 2021. aastaga v\u00f5rreldes on seda ligi neli korda rohkem. P\u00f5llumajandus annab ettev\u00f5tte m\u00fc\u00fcgitulust k\u00fcll suurima osa, kuid pagaritootmine ja majoneesid on juba peaaegu sama olulised.<\/p>\n<p>Ettev\u00f5tte kasv toob aga kaasa \u00fche \u00fcsna maise probleemi: keegi peab arvudel silma peal hoidma. Suur ettev\u00f5te v\u00f5iks palgata finantsjuhi, v\u00e4ikeettev\u00f5ttel pole selleks aga alati v\u00f5imalust. Seet\u00f5ttu on Tang appi v\u00f5tnud <a rel=\"noopener nofollow\" target=\"_blank\" href=\"https:\/\/www.delfi.ee\/teema\/96849792\/tehisintellekt-1\" tag-id=\"96849792\">tehisintellekti<\/a>, millele ta on sisuliselt finantsjuhi rolli andnud. AI aitab tal ettev\u00f5tte tulemusi anal\u00fc\u00fcsida ja rahalisi otsuseid teha ning Tangu s\u00f5nul on see aidanud t\u00e4navu ettev\u00f5tte tulemusi m\u00e4rgatavalt parandada. Tehnoloogia ei ole tema jaoks seega ainult digikanade v\u00f5i uute ideede m\u00e4ngumaa \u2013 see aitab ka p\u00e4riselt igap\u00e4evast \u00e4ri juhtida.<\/p>\n<p>AI aitab ettev\u00f5tte tulemusi anal\u00fc\u00fcsida ja rahalisi otsuseid teha.<\/p>\n<p class=\"isSelectedEnd\">Tangu <a rel=\"noopener nofollow\" target=\"_blank\" href=\"https:\/\/www.delfi.ee\/teema\/96855200\/ettevotlus-1\" tag-id=\"96855200\">ettev\u00f5tlusstiil<\/a> on seejuures k\u00f5ike muud kui klassikaline. Kui turundaja soovitab toodet n\u00e4idata klantsilt ja ideaalses valguses, siis Tanel v\u00f5ib sotsiaalmeedias \u00fcles panna hoopis uduseid mobiilipilte, kanala koristamise v\u00f5i m\u00f5ne keerulisema hetke.<\/p>\n<p class=\"isSelectedEnd\">Just niimoodi on tema tegemistest saanud omaette lugu. Tangu elu ja ettev\u00f5tte k\u00e4ek\u00e4iku on kolme hooaja jooksul j\u00e4lginud ka ETV sari \u201eTanel ja kanad\u201c.<\/p>\n<p class=\"isSelectedEnd\">\u201eMa tahan n\u00e4idata, kui raske p\u00f5llumajanduses tegelikult on. Sa v\u00f5id enda poolt teha 150%, aga tulemus oleneb ikkagi v\u00e4ga paljust muust \u2013 ilmast, haigustest ja sellest, millised reeglid parasjagu kehtivad.\u201c<\/p>\n<p><img decoding=\"async\" src=\"https:\/\/www.europesays.com\/ee\/wp-content\/uploads\/2026\/08\/c5d3d18f-05b2-430a-899b-d175f5ecc318.jpg\" loading=\"lazy\" alt=\"Tanel v\u00e4\u00e4rindab mahekanade mune ka pagarikoja toodete n\u00e4ol. \"\/><\/p>\n<p class=\"isSelectedEnd\">M\u00f5nikord t\u00e4hendab ettev\u00f5tlus ka ideid, mida esmapilgul p\u00f5llumajandusega kokku ei viiks. Kui munade v\u00e4henenud tootlikkus viis Tangu ettev\u00f5tte rahalisse ummikusse, otsustas ta proovida midagi t\u00e4iesti uut: m\u00fc\u00fca digitaalseid kanu. 650 digikana abil kaasas ta 65 000 eurot, mille toel sai ettev\u00f5te edasi tegutseda ja uusi tegevusi arendada. See, et digikanade projekt Tangust endast olenemata p\u00f5hja l\u00e4ks, h\u00e4irib teda v\u00e4ga ja ta \u00fcritab siiani olukorrale lahendust leida.<\/p>\n<p>Hingelt loomas\u00f5ber<\/p>\n<p class=\"isSelectedEnd\">Ka p\u00e4ris kanadele otsib Tang v\u00f5imalikult head kodu. Kui munemisiga l\u00e4bi saab, ei taha ta neid lihtsalt tootmisest v\u00e4lja saata ja Leedus loomatoiduks teha lasta, vaid otsib neile uut kodu. Sotsiaalmeedia kaudu on niimoodi leidnud uue elu juba tuhanded kanad.<\/p>\n<p class=\"isSelectedEnd\">Tangu jaoks pole p\u00f5llumajandus seega ainult munatootmine, vaid v\u00f5imalus luua t\u00f6\u00f6kohti, arendada kohalikku ettev\u00f5tlust ja panna \u00fcks v\u00e4ike Saaremaa koht elama.<\/p>\n<p>Ja ilmselt ongi see tema puhul k\u00f5ige kindlam: kui \u00fcks idee on teoks saanud, on j\u00e4rgmine juba t\u00f6\u00f6s. Tanel Tang \u00fctleb ka ise: ma ei ole klassikaline p\u00f5llumajandustootja, vaid hoopis maaelu arendaja. <\/p>\n<p>Kuidas see lugu Sind end tundma pani?Saada<a href=\"https:\/\/maaleht.delfi.ee\/artikkel\/120605909\/tanel-tang-ei-taha-olla-lihtsalt-munatootja\/kommentaarid\" class=\"button button--primary button--size-auto article-body-bottom__comment article-body-bottom__comment--write\" style=\"\" rel=\"nofollow noopener\" target=\"_blank\">Kommenteeri<\/a><a href=\"https:\/\/maaleht.delfi.ee\/artikkel\/120605909\/tanel-tang-ei-taha-olla-lihtsalt-munatootja\/kommentaarid\" class=\"button button--size-auto article-body-bottom__comment article-body-bottom__comment--read\" style=\"\" rel=\"nofollow noopener\" target=\"_blank\">Loe kommentaare <\/a><\/p>\n","protected":false},"excerpt":{"rendered":"\u201eP\u00f5llumehi vaadates oli n\u00e4ha, et nad olid oma t\u00f6\u00f6 \u00fcle uhked. Silm s\u00e4ras. Nad olid uhked, et saavad&hellip;\n","protected":false},"author":2,"featured_media":261837,"comment_status":"","ping_status":"","sticky":false,"template":"","format":"standard","meta":{"footnotes":"","_share_on_mastodon":"0"},"categories":[14],"tags":[131,130,37,33,35,34,36,1319,101622,948,2581,373,43786],"class_list":["post-261836","post","type-post","status-publish","format-standard","has-post-thumbnail","category-ari","tag-ari","tag-business","tag-ee","tag-eesti","tag-eesti-keel","tag-estonia","tag-estonian","tag-ettevotlus","tag-kanapidamine","tag-saaremaa","tag-tanel-tang","tag-tehisintellekt","tag-toidutoostus"],"share_on_mastodon":{"url":"https:\/\/pubeurope.com\/@ee\/117165061869952138","error":""},"_links":{"self":[{"href":"https:\/\/www.europesays.com\/ee\/wp-json\/wp\/v2\/posts\/261836","targetHints":{"allow":["GET"]}}],"collection":[{"href":"https:\/\/www.europesays.com\/ee\/wp-json\/wp\/v2\/posts"}],"about":[{"href":"https:\/\/www.europesays.com\/ee\/wp-json\/wp\/v2\/types\/post"}],"author":[{"embeddable":true,"href":"https:\/\/www.europesays.com\/ee\/wp-json\/wp\/v2\/users\/2"}],"replies":[{"embeddable":true,"href":"https:\/\/www.europesays.com\/ee\/wp-json\/wp\/v2\/comments?post=261836"}],"version-history":[{"count":0,"href":"https:\/\/www.europesays.com\/ee\/wp-json\/wp\/v2\/posts\/261836\/revisions"}],"wp:featuredmedia":[{"embeddable":true,"href":"https:\/\/www.europesays.com\/ee\/wp-json\/wp\/v2\/media\/261837"}],"wp:attachment":[{"href":"https:\/\/www.europesays.com\/ee\/wp-json\/wp\/v2\/media?parent=261836"}],"wp:term":[{"taxonomy":"category","embeddable":true,"href":"https:\/\/www.europesays.com\/ee\/wp-json\/wp\/v2\/categories?post=261836"},{"taxonomy":"post_tag","embeddable":true,"href":"https:\/\/www.europesays.com\/ee\/wp-json\/wp\/v2\/tags?post=261836"}],"curies":[{"name":"wp","href":"https:\/\/api.w.org\/{rel}","templated":true}]}}