{"id":261846,"date":"2026-08-27T03:12:15","date_gmt":"2026-08-27T03:12:15","guid":{"rendered":"https:\/\/www.europesays.com\/ee\/261846\/"},"modified":"2026-08-27T03:12:15","modified_gmt":"2026-08-27T03:12:15","slug":"delfi-ungaris-mm-valiksarja-oluliseimaks-matsiks-valmistuv-rannula-voitmiseks-on-vaja-head-mitte-keskparast-mangu","status":"publish","type":"post","link":"https:\/\/www.europesays.com\/ee\/261846\/","title":{"rendered":"DELFI UNGARIS | MM-valiksarja oluliseimaks mat\u0161iks valmistuv Rannula: v\u00f5itmiseks on vaja head, mitte keskp\u00e4rast m\u00e4ngu"},"content":{"rendered":"<p>Loomulikult ei saa neljap\u00e4evaga veel k\u00f5ik paika, aga kindel on see, et v\u00f5idu korral j\u00e4\u00e4ks Eestil v\u00e4hemalt lootus alles. Kaotus t\u00e4hendaks vajadust \u00fcllatada mitmel korral Prantsusmaad ja Soomet. Seni on nii Eestil kui ka Ungaril kuuest m\u00e4ngust kolm v\u00f5itu. <\/p>\n<p>\u201eKui tahame veel MM-i lootust hellitada, on see ilmselt teise vooru k\u00f5ige olulisem m\u00e4ng,\u201c r\u00e4\u00e4kis Rannula p\u00e4rast t\u00e4na\u00f5htust treeningut. \u201eSaame aru, et vastas on v\u00e4ga hea koondis. Nad on maksimumkoosseisu kokku saanud. Keskp\u00e4rasest m\u00e4ngust v\u00f5itmiseks ei piisa, peame tegema hea m\u00e4ngu.\u201c<\/p>\n<p><a href=\"https:\/\/sport.delfi.ee\/a\/120606370\/delfi-ungaris-mm-valiksarja-oluliseimaks-matsiks-valmistuv-rannula-voitmiseks-on-vaja-head-mitte-keskparast-mangu\/kommentaarid\" class=\"button button--primary button--size-auto article-body-bottom__comment article-body-bottom__comment--write\" style=\"\" rel=\"nofollow noopener\" target=\"_blank\">Kommenteeri<\/a><a href=\"https:\/\/sport.delfi.ee\/a\/120606370\/delfi-ungaris-mm-valiksarja-oluliseimaks-matsiks-valmistuv-rannula-voitmiseks-on-vaja-head-mitte-keskparast-mangu\/kommentaarid\" class=\"button button--size-auto article-body-bottom__comment article-body-bottom__comment--read\" style=\"\" rel=\"nofollow noopener\" target=\"_blank\">Loe kommentaare <\/a><\/p>\n","protected":false},"excerpt":{"rendered":"Loomulikult ei saa neljap\u00e4evaga veel k\u00f5ik paika, aga kindel on see, et v\u00f5idu korral j\u00e4\u00e4ks Eestil v\u00e4hemalt lootus&hellip;\n","protected":false},"author":2,"featured_media":261847,"comment_status":"","ping_status":"","sticky":false,"template":"","format":"standard","meta":{"footnotes":"","_share_on_mastodon":"0"},"categories":[5],"tags":[26,27,37,33,35,3119,34,36,31,32,21,1180,41,28,29,19,25,23,24,22,20,30],"class_list":["post-261846","post","type-post","status-publish","format-standard","has-post-thumbnail","category-uldised-uudised","tag-breaking-news","tag-breakingnews","tag-ee","tag-eesti","tag-eesti-keel","tag-eesti-korvpallikoondis","tag-estonia","tag-estonian","tag-featured-news","tag-featurednews","tag-headlines","tag-heiko-rannula","tag-henri-drell","tag-latest-news","tag-latestnews","tag-news","tag-populaarseimad-lood","tag-top-stories","tag-topstories","tag-uldised-uudised","tag-uudised","tag-viimased-uudised"],"share_on_mastodon":{"url":"https:\/\/pubeurope.com\/@ee\/117165289743316547","error":""},"_links":{"self":[{"href":"https:\/\/www.europesays.com\/ee\/wp-json\/wp\/v2\/posts\/261846","targetHints":{"allow":["GET"]}}],"collection":[{"href":"https:\/\/www.europesays.com\/ee\/wp-json\/wp\/v2\/posts"}],"about":[{"href":"https:\/\/www.europesays.com\/ee\/wp-json\/wp\/v2\/types\/post"}],"author":[{"embeddable":true,"href":"https:\/\/www.europesays.com\/ee\/wp-json\/wp\/v2\/users\/2"}],"replies":[{"embeddable":true,"href":"https:\/\/www.europesays.com\/ee\/wp-json\/wp\/v2\/comments?post=261846"}],"version-history":[{"count":0,"href":"https:\/\/www.europesays.com\/ee\/wp-json\/wp\/v2\/posts\/261846\/revisions"}],"wp:featuredmedia":[{"embeddable":true,"href":"https:\/\/www.europesays.com\/ee\/wp-json\/wp\/v2\/media\/261847"}],"wp:attachment":[{"href":"https:\/\/www.europesays.com\/ee\/wp-json\/wp\/v2\/media?parent=261846"}],"wp:term":[{"taxonomy":"category","embeddable":true,"href":"https:\/\/www.europesays.com\/ee\/wp-json\/wp\/v2\/categories?post=261846"},{"taxonomy":"post_tag","embeddable":true,"href":"https:\/\/www.europesays.com\/ee\/wp-json\/wp\/v2\/tags?post=261846"}],"curies":[{"name":"wp","href":"https:\/\/api.w.org\/{rel}","templated":true}]}}