{"id":261862,"date":"2026-08-27T04:04:50","date_gmt":"2026-08-27T04:04:50","guid":{"rendered":"https:\/\/www.europesays.com\/ee\/261862\/"},"modified":"2026-08-27T04:04:50","modified_gmt":"2026-08-27T04:04:50","slug":"kanada-vastab-trumpile-50-protsendiliste-tollimaksudega-valismaa","status":"publish","type":"post","link":"https:\/\/www.europesays.com\/ee\/261862\/","title":{"rendered":"Kanada vastab Trumpile 50-protsendiliste tollimaksudega | V\u00e4lismaa"},"content":{"rendered":"<p>Kanada ja USA vaheline kaubandust\u00fcli kogub hoogu ning Ottawa teatas, et kehtestab \u00dchendriikide kaupadele kuni 50-protsendilised vastutollid.<\/p>\n<p>USA president Donald Trump teatas esmasp\u00e4eval, et kehtestab Kanada autosektorile 50-protsendilised tollimaksud. Kanada ei j\u00e4\u00e4nud vastust v\u00f5lgu ning lubas omalt poolt vastumeetmeid rakendada.<\/p>\n<p>&#8220;Teatan t\u00e4na, et Kanada vastab USA tariifidele samav\u00e4\u00e4rselt, kehtestades kuni 50-protsendilised tollid USA-st p\u00e4rit impordile 27,6 miljardi Kanada dollari (20 miljardit USA dollarit) v\u00e4\u00e4rtuses. Iga toote puhul vastab meie tariif samale kaubagrupile kehtestatud USA tariifile,&#8221; \u00fctles teisip\u00e4eval Kanada rahandusminister Fran\u00e7ois-Philippe Champagne.<\/p>\n<p>Kanada tollid m\u00f5jutavad muu hulgas terast, piimatooteid, kodumasinaid, p\u00f5llumajandustehnikat, paberit, tselluloosi ning elektroonikat. Kanada tariifid USA impordile j\u00f5ustuvad 8. septembril, vahendas CBS News.\u00a0<\/p>\n<p>Trump teatas samal ajal, et kaalub Kanada ja USA vahelise kaubanduss\u00f5ja s\u00fcvenedes Ontario j\u00e4rve \u00fcmbernimetamist Ameerika j\u00e4rveks.<\/p>\n","protected":false},"excerpt":{"rendered":"Kanada ja USA vaheline kaubandust\u00fcli kogub hoogu ning Ottawa teatas, et kehtestab \u00dchendriikide kaupadele kuni 50-protsendilised vastutollid. USA&hellip;\n","protected":false},"author":2,"featured_media":261863,"comment_status":"","ping_status":"","sticky":false,"template":"","format":"standard","meta":{"footnotes":"","_share_on_mastodon":"0"},"categories":[14],"tags":[131,130,324,37,33,35,34,36,1554,13247,4558,325],"class_list":["post-261862","post","type-post","status-publish","format-standard","has-post-thumbnail","category-ari","tag-ari","tag-business","tag-donald-trump","tag-ee","tag-eesti","tag-eesti-keel","tag-estonia","tag-estonian","tag-kanada","tag-kaubandustuli","tag-tollid","tag-usa"],"share_on_mastodon":{"url":"https:\/\/pubeurope.com\/@ee\/117165494488013230","error":""},"_links":{"self":[{"href":"https:\/\/www.europesays.com\/ee\/wp-json\/wp\/v2\/posts\/261862","targetHints":{"allow":["GET"]}}],"collection":[{"href":"https:\/\/www.europesays.com\/ee\/wp-json\/wp\/v2\/posts"}],"about":[{"href":"https:\/\/www.europesays.com\/ee\/wp-json\/wp\/v2\/types\/post"}],"author":[{"embeddable":true,"href":"https:\/\/www.europesays.com\/ee\/wp-json\/wp\/v2\/users\/2"}],"replies":[{"embeddable":true,"href":"https:\/\/www.europesays.com\/ee\/wp-json\/wp\/v2\/comments?post=261862"}],"version-history":[{"count":0,"href":"https:\/\/www.europesays.com\/ee\/wp-json\/wp\/v2\/posts\/261862\/revisions"}],"wp:featuredmedia":[{"embeddable":true,"href":"https:\/\/www.europesays.com\/ee\/wp-json\/wp\/v2\/media\/261863"}],"wp:attachment":[{"href":"https:\/\/www.europesays.com\/ee\/wp-json\/wp\/v2\/media?parent=261862"}],"wp:term":[{"taxonomy":"category","embeddable":true,"href":"https:\/\/www.europesays.com\/ee\/wp-json\/wp\/v2\/categories?post=261862"},{"taxonomy":"post_tag","embeddable":true,"href":"https:\/\/www.europesays.com\/ee\/wp-json\/wp\/v2\/tags?post=261862"}],"curies":[{"name":"wp","href":"https:\/\/api.w.org\/{rel}","templated":true}]}}