{"id":261868,"date":"2026-08-27T04:16:10","date_gmt":"2026-08-27T04:16:10","guid":{"rendered":"https:\/\/www.europesays.com\/ee\/261868\/"},"modified":"2026-08-27T04:16:10","modified_gmt":"2026-08-27T04:16:10","slug":"usa-luure-saksa-lennujaamast-leitud-droon-tundub-olevat-vene-paritolu","status":"publish","type":"post","link":"https:\/\/www.europesays.com\/ee\/261868\/","title":{"rendered":"USA luure: Saksa lennujaamast leitud droon tundub olevat Vene p\u00e4ritolu"},"content":{"rendered":"<p>USA luureametnikud r\u00e4\u00e4kisid kolmap\u00e4eval ABC Newsile, et drooni struktuur ja sellelt leitud l\u00f5hkeained olid t\u00fc\u00fcpilised sellistele, mida kasutab GRU.<\/p>\n<p>Saksamaa kantsler Friedrich Merz ei kommenteerinud drooni p\u00e4ritolu, kuid \u00fctles, et Saksamaa ametiasutused tegelevad juhtumiga ja teevad oma j\u00e4reldused peagi teatavaks, teatas ABC News.<\/p>\n<p>K\u00f5nealune droon, mis n\u00e4is olevat suunatud laskemoonaga koormatud Ukraina kaubalennuki vastu, leiti 5. augustil Leipzigi lennujaamast Ukraina kaubalennuki l\u00e4hedalt. Droonil oli l\u00f5hkeaineid, kuid p\u00e4rast selle avastamist \u00fchendati selle detoneerimismehhanism lahti ja see ei plahvatanud.<\/p>\n<p>Samal p\u00e4eval p\u00f5rkas lennujaamas teine tundmatu lendav objekt kokku saabuva DHLi kaubalennukiga.<\/p>\n<p>Saksa v\u00e4ljaande Bild andmetel viibisid nelja Ukraina kaubalennuki juures kahtlustatava r\u00fcnnaku ajal Leipzigi\/Halle lennujaamas, mis on olnud Ukraina lennufirma Antonov Airlinesi baas alates Venemaa t\u00e4iemahulise sissetungi algusest.<\/p>\n<p>USA luureallikad teatasid 7. augustil ajalehele Wall Street Journal, et droonid kuuluvad t\u00f5en\u00e4oliselt Moskvale.<\/p>\n<p>Saksa meedia teatel leidsid Saksa uurijad m\u00f5ned n\u00e4dalad hiljem, 25. augustil, Leipzig\/Halle lennujaamast l\u00e4\u00e4ne pool asuvalt p\u00f5llult kolmanda drooni ja l\u00f5hkeaineid. <\/p>\n<p>Euroopa lennujaamades on korduvalt toimunud juhtumeid, mille puhul kahtlustatakse seost Venemaaga, p\u00f5hjustades lendude peatamisi ja \u00fcmbersuunamisi. ABC Newsi andmetel on alates 2026. aasta jaanuarist h\u00e4irinud lennuliiklust Leipzig\/Halle lennujaamas 18 drooniga seotud juhtumit .<\/p>\n<p>Kuidas see lugu Sind end tundma pani?Saada<a href=\"https:\/\/www.delfi.ee\/artikkel\/120606396\/usa-luure-saksa-lennujaamast-leitud-droon-tundub-olevat-vene-paritolu\/kommentaarid\" class=\"button button--primary button--size-auto article-body-bottom__comment article-body-bottom__comment--write\" style=\"\" rel=\"nofollow noopener\" target=\"_blank\">Kommenteeri<\/a><a href=\"https:\/\/www.delfi.ee\/artikkel\/120606396\/usa-luure-saksa-lennujaamast-leitud-droon-tundub-olevat-vene-paritolu\/kommentaarid\" class=\"button button--size-auto article-body-bottom__comment article-body-bottom__comment--read\" style=\"\" rel=\"nofollow noopener\" target=\"_blank\">Loe kommentaare (2)<\/a><\/p>\n","protected":false},"excerpt":{"rendered":"USA luureametnikud r\u00e4\u00e4kisid kolmap\u00e4eval ABC Newsile, et drooni struktuur ja sellelt leitud l\u00f5hkeained olid t\u00fc\u00fcpilised sellistele, mida kasutab&hellip;\n","protected":false},"author":2,"featured_media":261869,"comment_status":"","ping_status":"","sticky":false,"template":"","format":"standard","meta":{"footnotes":"","_share_on_mastodon":"0"},"categories":[80],"tags":[26,27,37,33,35,34,36,31,32,21,28,29,1160,767,95,19,25,23,24,22,20,30,92,93,94],"class_list":["post-261868","post","type-post","status-publish","format-standard","has-post-thumbnail","category-maailm","tag-breaking-news","tag-breakingnews","tag-ee","tag-eesti","tag-eesti-keel","tag-estonia","tag-estonian","tag-featured-news","tag-featurednews","tag-headlines","tag-latest-news","tag-latestnews","tag-leipzig","tag-lennujaam","tag-maailm","tag-news","tag-populaarseimad-lood","tag-top-stories","tag-topstories","tag-uldised-uudised","tag-uudised","tag-viimased-uudised","tag-world","tag-world-news","tag-worldnews"],"share_on_mastodon":{"url":"https:\/\/pubeurope.com\/@ee\/117165541566317942","error":""},"_links":{"self":[{"href":"https:\/\/www.europesays.com\/ee\/wp-json\/wp\/v2\/posts\/261868","targetHints":{"allow":["GET"]}}],"collection":[{"href":"https:\/\/www.europesays.com\/ee\/wp-json\/wp\/v2\/posts"}],"about":[{"href":"https:\/\/www.europesays.com\/ee\/wp-json\/wp\/v2\/types\/post"}],"author":[{"embeddable":true,"href":"https:\/\/www.europesays.com\/ee\/wp-json\/wp\/v2\/users\/2"}],"replies":[{"embeddable":true,"href":"https:\/\/www.europesays.com\/ee\/wp-json\/wp\/v2\/comments?post=261868"}],"version-history":[{"count":0,"href":"https:\/\/www.europesays.com\/ee\/wp-json\/wp\/v2\/posts\/261868\/revisions"}],"wp:featuredmedia":[{"embeddable":true,"href":"https:\/\/www.europesays.com\/ee\/wp-json\/wp\/v2\/media\/261869"}],"wp:attachment":[{"href":"https:\/\/www.europesays.com\/ee\/wp-json\/wp\/v2\/media?parent=261868"}],"wp:term":[{"taxonomy":"category","embeddable":true,"href":"https:\/\/www.europesays.com\/ee\/wp-json\/wp\/v2\/categories?post=261868"},{"taxonomy":"post_tag","embeddable":true,"href":"https:\/\/www.europesays.com\/ee\/wp-json\/wp\/v2\/tags?post=261868"}],"curies":[{"name":"wp","href":"https:\/\/api.w.org\/{rel}","templated":true}]}}