{"id":261876,"date":"2026-08-27T04:29:38","date_gmt":"2026-08-27T04:29:38","guid":{"rendered":"https:\/\/www.europesays.com\/ee\/261876\/"},"modified":"2026-08-27T04:29:38","modified_gmt":"2026-08-27T04:29:38","slug":"ettevotete-ja-tarbijate-majanduslik-kindlustunne-on-hakanud-paranema","status":"publish","type":"post","link":"https:\/\/www.europesays.com\/ee\/261876\/","title":{"rendered":"Ettev\u00f5tete ja tarbijate majanduslik kindlustunne on hakanud paranema"},"content":{"rendered":"<p>Augustis oli ettev\u00f5tete kindlustunde indikaator j\u00e4tkuvalt k\u00f5ige k\u00f5rgem kaubanduses (+15,7), kus paranesid hinnangud nii viimase kolme kuu m\u00fc\u00fcgile kui ka j\u00e4rgmise kolme kuu m\u00fc\u00fcgi prognoosile ja kaubavarude hetkeseisule. Samas suurenes nende ettev\u00f5tjate osat\u00e4htsus, kelle hinnangul ettev\u00f5tte t\u00f6\u00f6tajate arv j\u00e4rgmise kolme kuu jooksul v\u00e4heneb (juulis \u20137, augustis \u201318,3 protsendipunkti).<\/p>\n","protected":false},"excerpt":{"rendered":"Augustis oli ettev\u00f5tete kindlustunde indikaator j\u00e4tkuvalt k\u00f5ige k\u00f5rgem kaubanduses (+15,7), kus paranesid hinnangud nii viimase kolme kuu m\u00fc\u00fcgile&hellip;\n","protected":false},"author":2,"featured_media":261877,"comment_status":"","ping_status":"","sticky":false,"template":"","format":"standard","meta":{"footnotes":"","_share_on_mastodon":"0"},"categories":[5],"tags":[26,27,37,33,35,27433,101629,34,36,101625,31,32,21,9886,45964,28,29,3694,23017,19,25,101628,2559,101626,35717,392,23,24,22,101627,20,30],"class_list":["post-261876","post","type-post","status-publish","format-standard","has-post-thumbnail","category-uldised-uudised","tag-breaking-news","tag-breakingnews","tag-ee","tag-eesti","tag-eesti-keel","tag-ehitussektor","tag-eratarbijad","tag-estonia","tag-estonian","tag-ettevotete-kindlustunde-indikaator","tag-featured-news","tag-featurednews","tag-headlines","tag-kaubandus","tag-konjunktuuribaromeetrid","tag-latest-news","tag-latestnews","tag-majanduslik-kindlustunne","tag-majandusprognoosid","tag-news","tag-populaarseimad-lood","tag-pusikaupade-ostud","tag-statistikaamet","tag-tarbijate-kindlustunde-indikaator","tag-teenindussektor","tag-toostus","tag-top-stories","tag-topstories","tag-uldised-uudised","tag-ule-euroopalised-vordlused","tag-uudised","tag-viimased-uudised"],"share_on_mastodon":{"url":"","error":"Validation failed: Text character limit of 500 exceeded"},"_links":{"self":[{"href":"https:\/\/www.europesays.com\/ee\/wp-json\/wp\/v2\/posts\/261876","targetHints":{"allow":["GET"]}}],"collection":[{"href":"https:\/\/www.europesays.com\/ee\/wp-json\/wp\/v2\/posts"}],"about":[{"href":"https:\/\/www.europesays.com\/ee\/wp-json\/wp\/v2\/types\/post"}],"author":[{"embeddable":true,"href":"https:\/\/www.europesays.com\/ee\/wp-json\/wp\/v2\/users\/2"}],"replies":[{"embeddable":true,"href":"https:\/\/www.europesays.com\/ee\/wp-json\/wp\/v2\/comments?post=261876"}],"version-history":[{"count":0,"href":"https:\/\/www.europesays.com\/ee\/wp-json\/wp\/v2\/posts\/261876\/revisions"}],"wp:featuredmedia":[{"embeddable":true,"href":"https:\/\/www.europesays.com\/ee\/wp-json\/wp\/v2\/media\/261877"}],"wp:attachment":[{"href":"https:\/\/www.europesays.com\/ee\/wp-json\/wp\/v2\/media?parent=261876"}],"wp:term":[{"taxonomy":"category","embeddable":true,"href":"https:\/\/www.europesays.com\/ee\/wp-json\/wp\/v2\/categories?post=261876"},{"taxonomy":"post_tag","embeddable":true,"href":"https:\/\/www.europesays.com\/ee\/wp-json\/wp\/v2\/tags?post=261876"}],"curies":[{"name":"wp","href":"https:\/\/api.w.org\/{rel}","templated":true}]}}