{"id":261888,"date":"2026-08-27T04:50:17","date_gmt":"2026-08-27T04:50:17","guid":{"rendered":"https:\/\/www.europesays.com\/ee\/261888\/"},"modified":"2026-08-27T04:50:17","modified_gmt":"2026-08-27T04:50:17","slug":"kristi-kallas-ei-olnud-abikaasa-lahkumiseks-valmis-koik-sai-meil-siimuga-ikkagi-raagitud","status":"publish","type":"post","link":"https:\/\/www.europesays.com\/ee\/261888\/","title":{"rendered":"Kristi Kallas ei olnud abikaasa lahkumiseks valmis: k\u00f5ik sai meil Siimuga ikkagi r\u00e4\u00e4gitud&#8230;"},"content":{"rendered":"<p><img decoding=\"async\" src=\"https:\/\/www.europesays.com\/ee\/wp-content\/uploads\/2026\/08\/7a252cb0-dc4a-11ec-940b-9d49d7220957.jpg\" loading=\"lazy\" alt=\"54 AASTAT ABIELU Nelja aasta eest oma kuldpulmade puhul Kroonikale intervjuu andnud Kristi ja Siim Kallas leidsid, et nende abielu saladus on lihtne \u2013 nad otsustasid kohe liidu alguses, et see on nende \u00fchine projekt, aastak\u00fcmnete v\u00e4ltel on toeks olnud ka sarnased vaated elule ja omavaheline klapp.\"\/><\/p>\n<p>54 AASTAT ABIELU Nelja aasta eest oma kuldpulmade puhul Kroonikale intervjuu andnud Kristi ja Siim Kallas leidsid, et nende abielu saladus on lihtne \u2013 nad otsustasid kohe liidu alguses, et see on nende \u00fchine projekt, aastak\u00fcmnete v\u00e4ltel on toeks olnud ka sarnased vaated elule ja omavaheline klapp.<\/p>\n<p>FOTO: KARLI SAUL, Karli Saul<\/p>\n<p><a rel=\"noopener nofollow\" target=\"_blank\" href=\"https:\/\/www.delfi.ee\/teema\/65792826\/kristi-kallas\" tag-id=\"65792826\">Kristi Kallasele<\/a> tuli abikaasa <a rel=\"noopener nofollow\" target=\"_blank\" href=\"https:\/\/www.delfi.ee\/teema\/1101\/siim-kallas\" tag-id=\"1101\">Siim Kallase<\/a> lahkumine eelmise n\u00e4dala laup\u00e4eval vaatamata tema kehvale tervisele siiski ootamatult. Samas k\u00f5ik jutud said nad Kristi s\u00f5nul enne veel \u00e4ra r\u00e4\u00e4gitud&#8230;<\/p>\n","protected":false},"excerpt":{"rendered":"54 AASTAT ABIELU Nelja aasta eest oma kuldpulmade puhul Kroonikale intervjuu andnud Kristi ja Siim Kallas leidsid, et&hellip;\n","protected":false},"author":2,"featured_media":261889,"comment_status":"","ping_status":"","sticky":false,"template":"","format":"standard","meta":{"footnotes":"","_share_on_mastodon":"0"},"categories":[12],"tags":[26,27,37,33,35,10128,34,36,2337,31,32,21,101639,28,29,19,25,18254,1635,23,24,22,20,30],"class_list":["post-261888","post","type-post","status-publish","format-standard","has-post-thumbnail","category-eesti","tag-breaking-news","tag-breakingnews","tag-ee","tag-eesti","tag-eesti-keel","tag-eesti-poliitika","tag-estonia","tag-estonian","tag-euroopa-komisjon","tag-featured-news","tag-featurednews","tag-headlines","tag-kristi-kallas","tag-latest-news","tag-latestnews","tag-news","tag-populaarseimad-lood","tag-rahareform","tag-siim-kallas","tag-top-stories","tag-topstories","tag-uldised-uudised","tag-uudised","tag-viimased-uudised"],"share_on_mastodon":{"url":"https:\/\/pubeurope.com\/@ee\/117165675648471118","error":""},"_links":{"self":[{"href":"https:\/\/www.europesays.com\/ee\/wp-json\/wp\/v2\/posts\/261888","targetHints":{"allow":["GET"]}}],"collection":[{"href":"https:\/\/www.europesays.com\/ee\/wp-json\/wp\/v2\/posts"}],"about":[{"href":"https:\/\/www.europesays.com\/ee\/wp-json\/wp\/v2\/types\/post"}],"author":[{"embeddable":true,"href":"https:\/\/www.europesays.com\/ee\/wp-json\/wp\/v2\/users\/2"}],"replies":[{"embeddable":true,"href":"https:\/\/www.europesays.com\/ee\/wp-json\/wp\/v2\/comments?post=261888"}],"version-history":[{"count":0,"href":"https:\/\/www.europesays.com\/ee\/wp-json\/wp\/v2\/posts\/261888\/revisions"}],"wp:featuredmedia":[{"embeddable":true,"href":"https:\/\/www.europesays.com\/ee\/wp-json\/wp\/v2\/media\/261889"}],"wp:attachment":[{"href":"https:\/\/www.europesays.com\/ee\/wp-json\/wp\/v2\/media?parent=261888"}],"wp:term":[{"taxonomy":"category","embeddable":true,"href":"https:\/\/www.europesays.com\/ee\/wp-json\/wp\/v2\/categories?post=261888"},{"taxonomy":"post_tag","embeddable":true,"href":"https:\/\/www.europesays.com\/ee\/wp-json\/wp\/v2\/tags?post=261888"}],"curies":[{"name":"wp","href":"https:\/\/api.w.org\/{rel}","templated":true}]}}