{"id":261892,"date":"2026-08-27T04:58:11","date_gmt":"2026-08-27T04:58:11","guid":{"rendered":"https:\/\/www.europesays.com\/ee\/261892\/"},"modified":"2026-08-27T04:58:11","modified_gmt":"2026-08-27T04:58:11","slug":"fotod-tammeka-alistas-meistriliigas-flora-voolaid-ilma-maksimuspingutuseta-neid-ei-voida","status":"publish","type":"post","link":"https:\/\/www.europesays.com\/ee\/261892\/","title":{"rendered":"FOTOD | Tammeka alistas meistriliigas Flora. Voolaid: ilma maksimuspingutuseta neid ei v\u00f5ida"},"content":{"rendered":"<p>Sander Alamaa viis k\u00fcll Flora 33. minutil juhtima, ent juba kolm minutit hiljem Moussa Felix Sambe viigistas. Tartlastele kindlustasid teisel poolajal v\u00f5idupunktid Pedro Manoeli ja Patrick Genro Veelma tabamused. Manoel suunas palli peaga v\u00f5rku p\u00e4rast nurgal\u00f6\u00f6ki, Veelma realiseeris 11 meetri karistusl\u00f6\u00f6gi.<\/p>\n<p>\u201eK\u00f5igepealt peab uskuma. Meil on hea hingamine. Selge see, et ilma maksimumpingutuseta, teatud \u00f5nnestumiseta \u2013 sa ei saa seda v\u00f5itu Flora vastu. On seal noored v\u00f5i vanad peal&#8230; vahet pole,\u201c r\u00e4\u00e4kis Soccerneti \u00fclekandes Tammeka peatreener <a rel=\"noopener nofollow\" target=\"_blank\" href=\"https:\/\/www.delfi.ee\/teema\/72058203\/karel-voolaid\" tag-id=\"72058203\">Karel Voolaid<\/a>. <\/p>\n<p>\u201eEhk on meil natukene seda kvaliteeti, millega v\u00f5tta ka. Ainult v\u00f5itlusega ei saa, palliga m\u00e4ng ka.\u201c<\/p>\n<p>Flora peatreeneri kohuset\u00e4itja <a rel=\"noopener nofollow\" target=\"_blank\" href=\"https:\/\/www.delfi.ee\/teema\/64599102\/karl-mool\" tag-id=\"64599102\">Karl M\u00f6\u00f6l<\/a> \u00fctles kaotuse j\u00e4rel Soccernet.ee otse\u00fclekandes, et Tammeka sai viigiv\u00e4ravaga enesekindluse tagasi.<\/p>\n<p>\u201eEsimesel poolajal oli meil m\u00e4ngu \u00fcle natuke parem kontroll, saime ka juhtv\u00e4rava. Kahju, et nad said viigi k\u00e4tte, see andis neile kindlasti lisamotivatsiooni teiseks poolajaks. Esimest poolaega vaadates tundus, et v\u00f5ime samm-sammult liikuda selles suunas, kuhu tahtsime. Tundsin puudust konkreetsusest vastase kolmandikul ja julgusest,\u201c lausus M\u00f6\u00f6l.<\/p>\n<p>Flora j\u00e4tkab 42 punktiga kolmandal kohal ja kaotab liider FCI <a rel=\"noopener nofollow\" target=\"_blank\" href=\"https:\/\/www.delfi.ee\/teema\/60331636\/levadia\" tag-id=\"60331636\">Levadiale<\/a> juba 14 silmaga. Tammeka on 35 punktiga viies.<\/p>\n<p>Kuidas see lugu Sind end tundma pani?Saada<a href=\"https:\/\/sport.delfi.ee\/artikkel\/120606397\/fotod-tammeka-alistas-meistriliigas-flora-voolaid-ilma-maksimuspingutuseta-neid-ei-voida\/kommentaarid\" class=\"button button--primary button--size-auto article-body-bottom__comment article-body-bottom__comment--write\" style=\"\" rel=\"nofollow noopener\" target=\"_blank\">Kommenteeri<\/a><a href=\"https:\/\/sport.delfi.ee\/artikkel\/120606397\/fotod-tammeka-alistas-meistriliigas-flora-voolaid-ilma-maksimuspingutuseta-neid-ei-voida\/kommentaarid\" class=\"button button--size-auto article-body-bottom__comment article-body-bottom__comment--read\" style=\"\" rel=\"nofollow noopener\" target=\"_blank\">Loe kommentaare <\/a><\/p>\n","protected":false},"excerpt":{"rendered":"Sander Alamaa viis k\u00fcll Flora 33. minutil juhtima, ent juba kolm minutit hiljem Moussa Felix Sambe viigistas. Tartlastele&hellip;\n","protected":false},"author":2,"featured_media":261893,"comment_status":"","ping_status":"","sticky":false,"template":"","format":"standard","meta":{"footnotes":"","_share_on_mastodon":"0"},"categories":[18],"tags":[37,33,35,34,36,161,30899,16832,1358,159,158,702],"class_list":["post-261892","post","type-post","status-publish","format-standard","has-post-thumbnail","category-sport","tag-ee","tag-eesti","tag-eesti-keel","tag-estonia","tag-estonian","tag-fc-flora","tag-karel-voolaid","tag-karl-mool","tag-levadia","tag-sport","tag-sports","tag-tartu-tammeka"],"share_on_mastodon":{"url":"https:\/\/pubeurope.com\/@ee\/117165706892048919","error":""},"_links":{"self":[{"href":"https:\/\/www.europesays.com\/ee\/wp-json\/wp\/v2\/posts\/261892","targetHints":{"allow":["GET"]}}],"collection":[{"href":"https:\/\/www.europesays.com\/ee\/wp-json\/wp\/v2\/posts"}],"about":[{"href":"https:\/\/www.europesays.com\/ee\/wp-json\/wp\/v2\/types\/post"}],"author":[{"embeddable":true,"href":"https:\/\/www.europesays.com\/ee\/wp-json\/wp\/v2\/users\/2"}],"replies":[{"embeddable":true,"href":"https:\/\/www.europesays.com\/ee\/wp-json\/wp\/v2\/comments?post=261892"}],"version-history":[{"count":0,"href":"https:\/\/www.europesays.com\/ee\/wp-json\/wp\/v2\/posts\/261892\/revisions"}],"wp:featuredmedia":[{"embeddable":true,"href":"https:\/\/www.europesays.com\/ee\/wp-json\/wp\/v2\/media\/261893"}],"wp:attachment":[{"href":"https:\/\/www.europesays.com\/ee\/wp-json\/wp\/v2\/media?parent=261892"}],"wp:term":[{"taxonomy":"category","embeddable":true,"href":"https:\/\/www.europesays.com\/ee\/wp-json\/wp\/v2\/categories?post=261892"},{"taxonomy":"post_tag","embeddable":true,"href":"https:\/\/www.europesays.com\/ee\/wp-json\/wp\/v2\/tags?post=261892"}],"curies":[{"name":"wp","href":"https:\/\/api.w.org\/{rel}","templated":true}]}}