{"id":261912,"date":"2026-08-27T05:31:17","date_gmt":"2026-08-27T05:31:17","guid":{"rendered":"https:\/\/www.europesays.com\/ee\/261912\/"},"modified":"2026-08-27T05:31:17","modified_gmt":"2026-08-27T05:31:17","slug":"memo-sahtli-vorku-libistati-esimene-varav-aga-tammeka-lustis-taas-halastamatult-flora-kulul-soccernet-ee","status":"publish","type":"post","link":"https:\/\/www.europesays.com\/ee\/261912\/","title":{"rendered":"Memo | Sahtli v\u00f5rku libistati esimene v\u00e4rav, aga Tammeka lustis taas halastamatult Flora kulul &#8211; Soccernet.ee"},"content":{"rendered":"<p><img decoding=\"async\" src=\"https:\/\/www.europesays.com\/ee\/wp-content\/uploads\/2026\/08\/1787808676_48_1781726645.jpg\" alt=\"Pedro Manoel pakkus taas Tammeka f\u00e4nnidele r\u00f5\u00f5mu. Foto: Anna Andreas\"\/>&#13;\n<\/p>\n<p>Premium liiga j\u00e4relepeetud 13. vooru kohtumine Tartu Tammeka ja Tallinna Flora vahel l\u00f5ppes rekordilise 682 pealtvaataja ees pealinlaste 1:3 kaotusega. Aga see on ju igati tuttav olukord, sest tartlased alistasid Flora ka kevadel sama skooriga.\u00a0<\/p>\n<p>Kohtumise algus kulges v\u00f5rdselt, ent viie minuti j\u00e4rel haaras Flora initsiatiivi enda k\u00e4tte. Esimene ohtlikum v\u00f5imalus tekkis siiski Tammekal, kui karistusala l\u00e4histel leiti Moussa Felix Sambe, kuid Evert Gr\u00fcnvald j\u00f5udis \u00f5igel ajal vahele ja klaaris palli. Ka Flora ilmutas end kohati karistusalas, ent momendid ajati ise liialt peeneks.&#13;\n<\/p>\n<p>Flora surve kandis vilja 33. minutil. Karistusala l\u00e4histel kombineeriti pikalt, kuni Marten Kukkonen leidis Taaniel Usta, kes j\u00e4tkas palli Sander Alamaale. Flora noore \u00e4\u00e4rer\u00fcndaja l\u00f6\u00f6k v\u00f5ttis sisse v\u00e4ikese riko\u0161eti ja maandus Kristofer Sahtli selja taga &#8211; 0:1! K\u00fclaliste eduseis p\u00fcsis siiski vaid kolm minutit.\u00a0&#13;\n<\/p>\n<p>Thomas Lisboa leidis v\u00e4rava eest Tallinna Levadiast laenul viibiva Sambe, kes v\u00f5ttis pikalt aega ja paigutas seej\u00e4rel palli Gr\u00fcnvaldi kaitstavasse v\u00f5rku &#8211; 1:1! Viigiv\u00e4rava j\u00e4rel j\u00e4i initsiatiiv pigem Florale ning avapoolaja l\u00f5pus proovis Sergei Zenjov kaugelt, kuid Sahtel p\u00fc\u00fcdis.\u00a0&#13;\n<\/p>\n<p>Teisel poolajal jooksis selgelt enesekindlamalt v\u00e4ljakule kodumeeskond ning sellest l\u00f5igati kohe kasu. 48. minutil riputas nurgal\u00f6\u00f6gi karistusalasse Lisboa ning peaga suskas selle v\u00f5rku Pedro Manoel &#8211; 2:1! Teine ei j\u00e4\u00e4nud ka kolmandata ning 77. minutil kukutati karistusalas Kauan Pereira, misj\u00e4rel oli 11 meetri pealt t\u00e4pne Patrick Genro Veelma.\u00a0\u00a0Soccernet.ee t\u00e4helepanekud:&#13;\n<\/p>\n<p>Pole Koskorit | Pole probleemi!\u00a0Tammeka esir\u00fcndaja Tristan Koskor on vigastuse t\u00f5ttu hooaja l\u00f5puni v\u00e4ljas, kuid tartlased on talle leidnud v\u00e4\u00e4rilise asendaja. Levadiast laenule toodud Moussa Felix Sambe tegi Tammeka eest skoori teist kohtumist j\u00e4rjest. Esimese tabamuse l\u00f5i ta FC Kuressaare vastu, kui t\u00f5i tartlastele 1:0 v\u00f5idu, ning n\u00fc\u00fcd sahistas ta ka Flora v\u00f5rku. Eriti m\u00e4rkimisv\u00e4\u00e4rne on, et Sambe kolmest Premium liiga v\u00e4ravast kaks on s\u00fcndinud k\u00f5igest kahe Tammeka s\u00e4rgis peetud kohtumisega.&#13;\n<\/p>\n<p><img decoding=\"async\" src=\"https:\/\/www.europesays.com\/ee\/wp-content\/uploads\/2026\/08\/1787808677_35_1786788912.jpg\" alt=\"Kristofer Sahtel pidi Premium liigas esmakordselt palli v\u00f5rgust v\u00e4lja korjama. Foto: Janek Eslon\"\/>&#13;\n<\/p>\n<p>Seeria | Katkes.\u00a0Tammeka 18-aastane v\u00e4ravavaht Kristofer Sahtel alustas Premium liiga karj\u00e4\u00e4ri kahe j\u00e4rjestikuse nullim\u00e4nguga, kui hoidis puuri puhtana N\u00f5mme Unitedi ja FC Kuressaare vastu. Flora suutis aga noore kindamehe l\u00f5puks \u00fcle m\u00e4ngida. Sahtel oli k\u00f5rgliigas v\u00e4ljakul k\u00e4inud kolmes kohtumises ning polnud enne t\u00e4nast kordagi enda selja taha palli lubanud. Muljetavaldav, kas pole?&#13;\n<\/p>\n<p>Resultatiivne | Keskkaitsja. Pedro Manoel teeb keskkaitsja kohta erakordselt resultatiivset hooaega. Alles t\u00e4navuse hooaja eel Tammekaga liitunud brasiillane on 22 Premium liiga kohtumisega l\u00f6\u00f6nud juba kuus v\u00e4ravat. Flora vastu sahistas ta taas v\u00f5rku ning kuue tabamusega jagab ta Tammeka v\u00e4ravak\u00fcttide tabelis esikohta Koskori ja Pavel Mariniga.&#13;\n<\/p>\n<p>Ajalugu | Kordus. Flora jaoks oli t\u00e4nane stsenaarium ebameeldivalt tuttav. Tammeka alistas valitseva Eesti meistri 3:1 ka kevadises omavahelises kohtumises Tartu Coop staadionil ning n\u00fc\u00fcd kordus t\u00e4pselt sama skoor. \u00dchine nimetaja oli ka Pedro Manoel, kes tegi skoori m\u00f5lemas 3:1 v\u00f5idum\u00e4ngus.&#13;\n<\/p>\n<p><img decoding=\"async\" src=\"https:\/\/www.europesays.com\/ee\/wp-content\/uploads\/2026\/08\/1787808677_48_1784821964.jpg\" alt=\"Mihhail Kolobov, Sander Tovstik ja Airon Kollo vaatavad m\u00e4ngu Paidega trib\u00fc\u00fcnilt. Foto: Jana Pipar\"\/>&#13;\n<\/p>\n<p>Pahandus | Kolm kaitsjat v\u00e4ljas. Flora jaoks ei piirdunud halb \u00f5htu pelgalt valusa kaotusega. Kollase kaardi teeninud Sander Tovstik, Mihhail Kolobov ja Airon Kollo peavad j\u00e4rgmise Premium liiga kohtumise Paide Linnameeskonna vastu vahele j\u00e4tma. K\u00f5ik kolm meest on kaitseliini m\u00e4ngijad, mist\u00f5ttu peab peatreeneri kohuset\u00e4itja Karl M\u00f6\u00f6l niigi t\u00e4baras seisus tagaliini uuesti \u00fcmber m\u00e4ngima.&#13;\n<\/p>\n<p>Staar | Thomas Lisboa. Tammeka brasiillasest m\u00e4ngujuht oli kahe t\u00e4pse s\u00f6\u00f6duga osaline kahes tabamuses ning m\u00e4ngis tartlaste r\u00fcnnakute \u00fclesehitamisel keskset rolli. V\u00e4ga-v\u00e4ga \u00f5nnestunud (kui mitte k\u00f5ige \u00f5nnestunum) suvine \u00fcleminek!&#13;\n<\/p>\n<p>Tsitaat | &#8220;Homme j\u00e4lle jalad maa peale tagasi ja p\u00fchap\u00e4eval Ida-Virumaale,&#8221; kommenteeris Tammeka juhendaja Karel Voolaid Soccernet TV otse\u00fclekandes vahetult p\u00e4rast kohtumist. T\u00f5si, p\u00fchap\u00e4eval s\u00f5idetakse k\u00fclla Narva Transile ja Flora alistamise j\u00e4rel ilmselgelt v\u00f5idukate m\u00f5tetega.\u00a0&#13;<\/p>\n","protected":false},"excerpt":{"rendered":"&#13; Premium liiga j\u00e4relepeetud 13. vooru kohtumine Tartu Tammeka ja Tallinna Flora vahel l\u00f5ppes rekordilise 682 pealtvaataja ees&hellip;\n","protected":false},"author":2,"featured_media":261913,"comment_status":"","ping_status":"","sticky":false,"template":"","format":"standard","meta":{"footnotes":"","_share_on_mastodon":"0"},"categories":[18],"tags":[37,33,35,34,36,163,837,167,159,158,1465,700,701,249,1728,702],"class_list":["post-261912","post","type-post","status-publish","format-standard","has-post-thumbnail","category-sport","tag-ee","tag-eesti","tag-eesti-keel","tag-estonia","tag-estonian","tag-flora","tag-meistriliiga","tag-premium-liiga","tag-sport","tag-sports","tag-tallinna-fc-flora","tag-tallinna-flora","tag-tammeka","tag-tartu","tag-tartu-jk-tammeka","tag-tartu-tammeka"],"share_on_mastodon":{"url":"https:\/\/pubeurope.com\/@ee\/117165836870035700","error":""},"_links":{"self":[{"href":"https:\/\/www.europesays.com\/ee\/wp-json\/wp\/v2\/posts\/261912","targetHints":{"allow":["GET"]}}],"collection":[{"href":"https:\/\/www.europesays.com\/ee\/wp-json\/wp\/v2\/posts"}],"about":[{"href":"https:\/\/www.europesays.com\/ee\/wp-json\/wp\/v2\/types\/post"}],"author":[{"embeddable":true,"href":"https:\/\/www.europesays.com\/ee\/wp-json\/wp\/v2\/users\/2"}],"replies":[{"embeddable":true,"href":"https:\/\/www.europesays.com\/ee\/wp-json\/wp\/v2\/comments?post=261912"}],"version-history":[{"count":0,"href":"https:\/\/www.europesays.com\/ee\/wp-json\/wp\/v2\/posts\/261912\/revisions"}],"wp:featuredmedia":[{"embeddable":true,"href":"https:\/\/www.europesays.com\/ee\/wp-json\/wp\/v2\/media\/261913"}],"wp:attachment":[{"href":"https:\/\/www.europesays.com\/ee\/wp-json\/wp\/v2\/media?parent=261912"}],"wp:term":[{"taxonomy":"category","embeddable":true,"href":"https:\/\/www.europesays.com\/ee\/wp-json\/wp\/v2\/categories?post=261912"},{"taxonomy":"post_tag","embeddable":true,"href":"https:\/\/www.europesays.com\/ee\/wp-json\/wp\/v2\/tags?post=261912"}],"curies":[{"name":"wp","href":"https:\/\/api.w.org\/{rel}","templated":true}]}}