{"id":261922,"date":"2026-08-27T05:42:15","date_gmt":"2026-08-27T05:42:15","guid":{"rendered":"https:\/\/www.europesays.com\/ee\/261922\/"},"modified":"2026-08-27T05:42:15","modified_gmt":"2026-08-27T05:42:15","slug":"nba-st-panathinaikosesse-liikuv-prantsusmaa-korvpallitaht-yabusele-see-on-toesti-korgeim-tase-2","status":"publish","type":"post","link":"https:\/\/www.europesays.com\/ee\/261922\/","title":{"rendered":"NBA-st Panathinaikosesse liikuv Prantsusmaa korvpallit\u00e4ht Yabusele: see on t\u00f5esti k\u00f5rgeim tase"},"content":{"rendered":"<p>Yabusele tunnistas, et tunneb end uues keskkonnas koduselt, kuna Kreeka pealinnas saab kuulda ohtralt prantsuse keelt.<\/p>\n<p>\u201e[Brancou] Badio r\u00e4\u00e4gib prantsuse keelt, seega saab seda siin palju olema. Peame ka k\u00f5ik teised seda r\u00e4\u00e4kima panema,\u201c viskas Yabusele Kreekasse maandudes nalja. \u201eOlen prantslane ja mul on hea meel s\u00f5braga koos m\u00e4ngida. Meil on ka teisi, kes keelt m\u00f5istavad, seega oleme juba hea klapi leidnud.\u201c<\/p>\n<p>Yabuselele avaldasid s\u00fcgavat muljet ka klubi treeningtingimused ja taustaj\u00f5ud. \u201ePanathinaikosel on tipptasemel organisatsioon. Meile pakutakse hommiku- ja l\u00f5unas\u00f6\u00f6ki, tagatud on arstiabi ning klubi inimesed on meie jaoks alati olemas. See on t\u00f5esti k\u00f5rgeim tase,\u201c v\u00f5ttis \u00e4\u00e4rem\u00e4ngija oma esimesed muljed kokku.<\/p>\n<p>M\u00f6\u00f6dunud hooajal pallis 30-aastane prantslane Chicago Bullsi ridades, kus kogus hooaja l\u00f5ikes keskmiselt 5,6 punkti ja 3,5 lauapalli.<\/p>\n<p>Kuidas see lugu Sind end tundma pani?Saada<a href=\"https:\/\/sport.delfi.ee\/a\/120606398\/nba-st-panathinaikosesse-liikuv-prantsusmaa-korvpallitaht-yabusele-see-on-toesti-korgeim-tase\/kommentaarid\" class=\"button button--primary button--size-auto article-body-bottom__comment article-body-bottom__comment--write\" style=\"\" rel=\"nofollow noopener\" target=\"_blank\">Kommenteeri<\/a><a href=\"https:\/\/sport.delfi.ee\/a\/120606398\/nba-st-panathinaikosesse-liikuv-prantsusmaa-korvpallitaht-yabusele-see-on-toesti-korgeim-tase\/kommentaarid\" class=\"button button--size-auto article-body-bottom__comment article-body-bottom__comment--read\" style=\"\" rel=\"nofollow noopener\" target=\"_blank\">Loe kommentaare <\/a><\/p>\n","protected":false},"excerpt":{"rendered":"Yabusele tunnistas, et tunneb end uues keskkonnas koduselt, kuna Kreeka pealinnas saab kuulda ohtralt prantsuse keelt. \u201e[Brancou] Badio&hellip;\n","protected":false},"author":2,"featured_media":261923,"comment_status":"","ping_status":"","sticky":false,"template":"","format":"standard","meta":{"footnotes":"","_share_on_mastodon":"0"},"categories":[18],"tags":[37,33,35,34,36,5263,46792,4391,71542,159,158],"class_list":["post-261922","post","type-post","status-publish","format-standard","has-post-thumbnail","category-sport","tag-ee","tag-eesti","tag-eesti-keel","tag-estonia","tag-estonian","tag-euroliiga","tag-guerschon-yabusele","tag-nba","tag-pariisi-olumpiamangud","tag-sport","tag-sports"],"share_on_mastodon":{"url":"https:\/\/pubeurope.com\/@ee\/117165879866340551","error":""},"_links":{"self":[{"href":"https:\/\/www.europesays.com\/ee\/wp-json\/wp\/v2\/posts\/261922","targetHints":{"allow":["GET"]}}],"collection":[{"href":"https:\/\/www.europesays.com\/ee\/wp-json\/wp\/v2\/posts"}],"about":[{"href":"https:\/\/www.europesays.com\/ee\/wp-json\/wp\/v2\/types\/post"}],"author":[{"embeddable":true,"href":"https:\/\/www.europesays.com\/ee\/wp-json\/wp\/v2\/users\/2"}],"replies":[{"embeddable":true,"href":"https:\/\/www.europesays.com\/ee\/wp-json\/wp\/v2\/comments?post=261922"}],"version-history":[{"count":0,"href":"https:\/\/www.europesays.com\/ee\/wp-json\/wp\/v2\/posts\/261922\/revisions"}],"wp:featuredmedia":[{"embeddable":true,"href":"https:\/\/www.europesays.com\/ee\/wp-json\/wp\/v2\/media\/261923"}],"wp:attachment":[{"href":"https:\/\/www.europesays.com\/ee\/wp-json\/wp\/v2\/media?parent=261922"}],"wp:term":[{"taxonomy":"category","embeddable":true,"href":"https:\/\/www.europesays.com\/ee\/wp-json\/wp\/v2\/categories?post=261922"},{"taxonomy":"post_tag","embeddable":true,"href":"https:\/\/www.europesays.com\/ee\/wp-json\/wp\/v2\/tags?post=261922"}],"curies":[{"name":"wp","href":"https:\/\/api.w.org\/{rel}","templated":true}]}}