{"id":261934,"date":"2026-08-27T05:54:15","date_gmt":"2026-08-27T05:54:15","guid":{"rendered":"https:\/\/www.europesays.com\/ee\/261934\/"},"modified":"2026-08-27T05:54:15","modified_gmt":"2026-08-27T05:54:15","slug":"juulis-suurenes-jaekaubandusettevotete-muugimaht-4-2","status":"publish","type":"post","link":"https:\/\/www.europesays.com\/ee\/261934\/","title":{"rendered":"Juulis suurenes jaekaubandusettev\u00f5tete m\u00fc\u00fcgimaht 4%"},"content":{"rendered":"<p class=\"Tekst\">Statistikaameti juhtivanal\u00fc\u00fctiku Johanna Linda Pihlaku s\u00f5nul m\u00f5jutasid jaekaubandusettev\u00f5tete m\u00fc\u00fcgimahu suurenemist juulis nii toidu- kui ka t\u00f6\u00f6stuskaupade kauplused. \u201eKuid enim m\u00f5jutasid juulis m\u00fc\u00fcgimahu kasvu mootorik\u00fctuse jaem\u00fc\u00fcgiga tegelevad ettev\u00f5tted, kus m\u00fc\u00fcgimaht suurenes 2025. aasta sama kuuga v\u00f5rreldes 7%,\u201c lisas Pihlak ja selgitas, et mootorik\u00fctuse jaem\u00fc\u00fcgiga tegelevate ettev\u00f5tete m\u00fc\u00fcgitulu ei h\u00f5lma ainult mootorik\u00fctuste m\u00fc\u00fcki, vaid kogum\u00fc\u00fcki, kuhu kuulub ka n\u00e4iteks toitlustusest ja muudelt kaupadelt ning teenustelt saadud tulu.<\/p>\n<p class=\"Tekst\">P\u00e4rast kaks kuud kestnud v\u00e4henemist hakkas t\u00f6\u00f6stuskaupade kaupluste m\u00fc\u00fcgimaht juulis taas kasvama. T\u00f6\u00f6stuskaupade kaupluste m\u00fc\u00fcgimaht suurenes eelmise aasta sama ajaga v\u00f5rreldes 3%.<\/p>\n<p class=\"Tekst\">Toidukaupade kaupluste m\u00fc\u00fcgimahu suurenemine j\u00e4tkus teist kuud ning kasvas eelmise aasta juuliga v\u00f5rreldes samuti 3%. \u201eM\u00fc\u00fcgimahu suurenemist m\u00f5jutas toidukaupade hinnat\u00f5usu aeglustumine,\u201c p\u00f5hjendas Pihlak.<\/p>\n<p class=\"Tekst\">Juuniga v\u00f5rreldes kasvas juulis jaekaubandusettev\u00f5tete m\u00fc\u00fcgimaht 3%. Sesoonselt ja kalendaarselt korrigeeritud andmetel suurenes m\u00fc\u00fcgimaht eelmise kuuga v\u00f5rreldes 1%.<\/p>\n<p class=\"Tekst\">Selle aasta seitsme kuuga kasvas jaekaubandusettev\u00f5tete m\u00fc\u00fcgimaht eelmise aasta sama ajaga v\u00f5rreldes 4%.<\/p>\n<p>Kuidas see lugu Sind end tundma pani?Saada<a href=\"https:\/\/arileht.delfi.ee\/a\/120606402\/juulis-suurenes-jaekaubandusettevotete-muugimaht-4\/kommentaarid\" class=\"button button--primary button--size-auto article-body-bottom__comment article-body-bottom__comment--write\" style=\"\" rel=\"nofollow noopener\" target=\"_blank\">Kommenteeri<\/a><a href=\"https:\/\/arileht.delfi.ee\/a\/120606402\/juulis-suurenes-jaekaubandusettevotete-muugimaht-4\/kommentaarid\" class=\"button button--size-auto article-body-bottom__comment article-body-bottom__comment--read\" style=\"\" rel=\"nofollow noopener\" target=\"_blank\">Loe kommentaare (7)<\/a><\/p>\n","protected":false},"excerpt":{"rendered":"Statistikaameti juhtivanal\u00fc\u00fctiku Johanna Linda Pihlaku s\u00f5nul m\u00f5jutasid jaekaubandusettev\u00f5tete m\u00fc\u00fcgimahu suurenemist juulis nii toidu- kui ka t\u00f6\u00f6stuskaupade kauplused. \u201eKuid&hellip;\n","protected":false},"author":2,"featured_media":261935,"comment_status":"","ping_status":"","sticky":false,"template":"","format":"standard","meta":{"footnotes":"","_share_on_mastodon":"0"},"categories":[14],"tags":[131,130,37,33,35,34,36,11006,38693],"class_list":["post-261934","post","type-post","status-publish","format-standard","has-post-thumbnail","category-ari","tag-ari","tag-business","tag-ee","tag-eesti","tag-eesti-keel","tag-estonia","tag-estonian","tag-jaekaubandus","tag-muugimaht"],"share_on_mastodon":{"url":"https:\/\/pubeurope.com\/@ee\/117165927260696397","error":""},"_links":{"self":[{"href":"https:\/\/www.europesays.com\/ee\/wp-json\/wp\/v2\/posts\/261934","targetHints":{"allow":["GET"]}}],"collection":[{"href":"https:\/\/www.europesays.com\/ee\/wp-json\/wp\/v2\/posts"}],"about":[{"href":"https:\/\/www.europesays.com\/ee\/wp-json\/wp\/v2\/types\/post"}],"author":[{"embeddable":true,"href":"https:\/\/www.europesays.com\/ee\/wp-json\/wp\/v2\/users\/2"}],"replies":[{"embeddable":true,"href":"https:\/\/www.europesays.com\/ee\/wp-json\/wp\/v2\/comments?post=261934"}],"version-history":[{"count":0,"href":"https:\/\/www.europesays.com\/ee\/wp-json\/wp\/v2\/posts\/261934\/revisions"}],"wp:featuredmedia":[{"embeddable":true,"href":"https:\/\/www.europesays.com\/ee\/wp-json\/wp\/v2\/media\/261935"}],"wp:attachment":[{"href":"https:\/\/www.europesays.com\/ee\/wp-json\/wp\/v2\/media?parent=261934"}],"wp:term":[{"taxonomy":"category","embeddable":true,"href":"https:\/\/www.europesays.com\/ee\/wp-json\/wp\/v2\/categories?post=261934"},{"taxonomy":"post_tag","embeddable":true,"href":"https:\/\/www.europesays.com\/ee\/wp-json\/wp\/v2\/tags?post=261934"}],"curies":[{"name":"wp","href":"https:\/\/api.w.org\/{rel}","templated":true}]}}