{"id":261936,"date":"2026-08-27T05:55:10","date_gmt":"2026-08-27T05:55:10","guid":{"rendered":"https:\/\/www.europesays.com\/ee\/261936\/"},"modified":"2026-08-27T05:55:10","modified_gmt":"2026-08-27T05:55:10","slug":"valgevene-ehitab-ukraina-piiri-lahedale-sojavaetaristut-teenindavat-raudteed","status":"publish","type":"post","link":"https:\/\/www.europesays.com\/ee\/261936\/","title":{"rendered":"Valgevene ehitab Ukraina piiri l\u00e4hedale s\u00f5jav\u00e4etaristut teenindavat raudteed"},"content":{"rendered":"<p>Projekti dokumendid, mille hankis Valgevene raudteet\u00f6\u00f6tajate liit, kinnitavad, et rajatakse p\u00f5hiraudteest eraldi asuvat taristut pealkirjaga \u201epr\u00fcgila rajamine Homieli oblastisse\u201c. Projekti tellijaks on m\u00e4rgitud S\u00f5jav\u00e4eprojektide Instituut. Projekt h\u00f5lmab eraldiseisva raudtee juurdep\u00e4\u00e4sutee rajamist, mis suudab mahutada kuni 60 vagunit, ning kaubaplatvormi rambiga, mis v\u00f5imaldab mahalaadida ratas- ja roomiks\u00f5idukeid.<\/p>\n<p>Projekti t\u00e4pne asukoht pole teada.<\/p>\n<p>Radio Free Europe teatas, et alates 2023. aasta l\u00f5pust on Homieli oblastis k\u00e4imas s\u00f5jav\u00e4etaristu ehitus, kuhu paigutatakse t\u00f5en\u00e4oliselt Valgevene eriv\u00e4gede 37. \u00fcksik dessantr\u00fcnnakubrigaad.<\/p>\n<p>Valgevene ehitab pidevalt juurde v\u00e4gede majutamiseks ja treenimiseks vajalikku infrastruktuuri. Sellega kaasneb ka logistiliste marsruutide arendamine.<\/p>\n<p>Alates t\u00e4iemahulise Ukraina s\u00f5ja algusest on Valgevene korraldanud regulaarselt s\u00f5jav\u00e4e\u00f5ppusi, mida riigi valitseja Aliaksandr Luka\u0161enka p\u00f5hjendab vajadusega kaitsta Valgevenet Poola, Leedu v\u00f5i Ukraina r\u00fcnnaku eest.<\/p>\n<p>Valgevene juhtkond on toetanud Venemaa agressiooni. Riik on lubanud kasutada oma territooriumi, \u00f5huruumi ja infrastruktuuri agressiooni elluviimiseks ning Ukraina tsiviilelanike tapmiseks.<\/p>\n<p>Ukraina julgeolekuteenistused j\u00e4lgivad olukorda ja koostavad ohuhinnanguid. Praegu pole piiri\u00e4\u00e4rses olukorras muutusi t\u00e4heldatud.<\/p>\n<p>Kuidas see lugu Sind end tundma pani?Saada<a href=\"https:\/\/www.delfi.ee\/artikkel\/120606404\/valgevene-ehitab-ukraina-piiri-lahedale-sojavaetaristut-teenindavat-raudteed\/kommentaarid\" class=\"button button--primary button--size-auto article-body-bottom__comment article-body-bottom__comment--write\" style=\"\" rel=\"nofollow noopener\" target=\"_blank\">Kommenteeri<\/a><a href=\"https:\/\/www.delfi.ee\/artikkel\/120606404\/valgevene-ehitab-ukraina-piiri-lahedale-sojavaetaristut-teenindavat-raudteed\/kommentaarid\" class=\"button button--size-auto article-body-bottom__comment article-body-bottom__comment--read\" style=\"\" rel=\"nofollow noopener\" target=\"_blank\">Loe kommentaare <\/a><\/p>\n","protected":false},"excerpt":{"rendered":"Projekti dokumendid, mille hankis Valgevene raudteet\u00f6\u00f6tajate liit, kinnitavad, et rajatakse p\u00f5hiraudteest eraldi asuvat taristut pealkirjaga \u201epr\u00fcgila rajamine Homieli&hellip;\n","protected":false},"author":2,"featured_media":261937,"comment_status":"","ping_status":"","sticky":false,"template":"","format":"standard","meta":{"footnotes":"","_share_on_mastodon":"0"},"categories":[80],"tags":[26,27,37,33,35,34,36,31,32,21,28,29,95,19,25,107,23,24,22,20,2170,30,92,93,94],"class_list":["post-261936","post","type-post","status-publish","format-standard","has-post-thumbnail","category-maailm","tag-breaking-news","tag-breakingnews","tag-ee","tag-eesti","tag-eesti-keel","tag-estonia","tag-estonian","tag-featured-news","tag-featurednews","tag-headlines","tag-latest-news","tag-latestnews","tag-maailm","tag-news","tag-populaarseimad-lood","tag-soda-ukrainas","tag-top-stories","tag-topstories","tag-uldised-uudised","tag-uudised","tag-valgevene","tag-viimased-uudised","tag-world","tag-world-news","tag-worldnews"],"share_on_mastodon":{"url":"https:\/\/pubeurope.com\/@ee\/117165930757883042","error":""},"_links":{"self":[{"href":"https:\/\/www.europesays.com\/ee\/wp-json\/wp\/v2\/posts\/261936","targetHints":{"allow":["GET"]}}],"collection":[{"href":"https:\/\/www.europesays.com\/ee\/wp-json\/wp\/v2\/posts"}],"about":[{"href":"https:\/\/www.europesays.com\/ee\/wp-json\/wp\/v2\/types\/post"}],"author":[{"embeddable":true,"href":"https:\/\/www.europesays.com\/ee\/wp-json\/wp\/v2\/users\/2"}],"replies":[{"embeddable":true,"href":"https:\/\/www.europesays.com\/ee\/wp-json\/wp\/v2\/comments?post=261936"}],"version-history":[{"count":0,"href":"https:\/\/www.europesays.com\/ee\/wp-json\/wp\/v2\/posts\/261936\/revisions"}],"wp:featuredmedia":[{"embeddable":true,"href":"https:\/\/www.europesays.com\/ee\/wp-json\/wp\/v2\/media\/261937"}],"wp:attachment":[{"href":"https:\/\/www.europesays.com\/ee\/wp-json\/wp\/v2\/media?parent=261936"}],"wp:term":[{"taxonomy":"category","embeddable":true,"href":"https:\/\/www.europesays.com\/ee\/wp-json\/wp\/v2\/categories?post=261936"},{"taxonomy":"post_tag","embeddable":true,"href":"https:\/\/www.europesays.com\/ee\/wp-json\/wp\/v2\/tags?post=261936"}],"curies":[{"name":"wp","href":"https:\/\/api.w.org\/{rel}","templated":true}]}}