{"id":261978,"date":"2026-08-27T06:56:08","date_gmt":"2026-08-27T06:56:08","guid":{"rendered":"https:\/\/www.europesays.com\/ee\/261978\/"},"modified":"2026-08-27T06:56:08","modified_gmt":"2026-08-27T06:56:08","slug":"erkki-koort-%e2%9f%a9-usa-luure-kohtus-moskvas-kollektiivse-putiniga-postimees","status":"publish","type":"post","link":"https:\/\/www.europesays.com\/ee\/261978\/","title":{"rendered":"ERKKI KOORT \u27e9 USA luure kohtus Moskvas kollektiivse Putiniga &#8211; Postimees"},"content":{"rendered":"<ol>\n<li><a href=\"https:\/\/news.google.com\/rss\/articles\/CBMimwFBVV95cUxNQjJQeGVpUVY5WkJUTFZucHJFR0RxbDlKMnR2UEJRaTQ3RjliU2wzVEFzZ2NZQW4tcFYxaWFjUjFYb1R5bHpLcFlyUm1HcmtGSVhVbnItNGJpbEdkZGdndUl0dFp0NjNIV3JqSnlHeVNsM0xiQUpWTDg4M1hKdFdrZXVRaUY1aXdDT2JaMFR2VFFVLWh4TlRYdVFCOA?oc=5\" target=\"_blank\" rel=\"nofollow noopener\">ERKKI KOORT \u27e9 USA luure kohtus Moskvas kollektiivse Putiniga<\/a>&nbsp;&nbsp;Postimees<\/li>\n<li><a href=\"https:\/\/news.google.com\/rss\/articles\/CBMijwFBVV95cUxQQnZsb0UyZFZkWC0wVkhDZ0VqZzc1aWt6Rzg5ZEloZXFHdHBheDJHMzFXaWZaUmdORld2aW5mQUUtZWw5V1dfNEJZa0tlbjczcEhtVER5bWpvT254dXRwa3dLZFZEZXJMWGNmaXBHSHVtaVVtSWc2RXp4WmJqQ2otQjBLYTNhYWY5azkwNlBNRQ?oc=5\" target=\"_blank\" rel=\"nofollow noopener\">USA meedia: CIA juht hoiatas Venemaad NATO r\u00fcndamise eest<\/a>&nbsp;&nbsp;ERR<\/li>\n<li><a href=\"https:\/\/news.google.com\/rss\/articles\/CBMioAFBVV95cUxQRXJGTFJRdWU1SVdVbkNZdUpmdUNPdEtvV3NQeTVoTjJhSDBaTUVERDlXSkhGeFRLY1dOVEtBc2o5ZzF5QzE3djN6Wm13enlZdXlVS2pfemlSa0RXa0gtcnRTRE5WVjdtQnc1eXJOQW9XN2gwTVI4cFg5QzFLVGlzUUI4bUt0VFdSZUF6VXlWZXlMUm9LelJfQ2tyTFlWdDNK?oc=5\" target=\"_blank\" rel=\"nofollow noopener\">USA \u00f5huj\u00f5udude Riia-Moskva lend \u00e4ratas maailma t\u00e4helepanu<\/a>&nbsp;&nbsp;\u00c4rip\u00e4ev<\/li>\n<li><a href=\"https:\/\/news.google.com\/rss\/articles\/CBMipgFBVV95cUxOdFBaa3plNl9rcXBXTkJaWFpfdk1zaW9BTnFZZ1RyMFJPX2FGM1M1OXVXaDh1ODN5WWxuUV83RHdCa09POUFfcEdOZEYzbGFKTDNNanJ6OHdtVjVyX1hjdmZ5QlVKc0V5UW91X19OS2ZRcGlsMG9SeF96dkM1LTVqMEdMdTNvdGhvRkNlZkw4bVVZa0N3anhYdjVrTzdaQXpSODNLeDVB?oc=5\" target=\"_blank\" rel=\"nofollow noopener\">Kreml: CIA juht kohtus Moskvas Venemaa luureametnikega, kuid mitte Putiniga<\/a>&nbsp;&nbsp;ERR<\/li>\n<li><a href=\"https:\/\/news.google.com\/rss\/articles\/CBMi0wFBVV95cUxObHd1YkpQSkl2dV9xSVhmSW01eXFuem5YV21xUjFtMjVVSXo1Z2pGMFZOSEpuc1Fkb1FMOU5jcUczV2xmMnBCaVFuOERrdGhrRTVQakdiS0dVUk9fYWhDcUh3clg3RTBDT0JhQ2owdjZ3NkNOWWRxcFZ3MjVhRDdJRFBqbFhmeHJKZUU2NlZFY04xelA4bVVzODFSOG1PWUQ2SmdXeFBCamhzejdId0NOdHlNNldhZllDeTJQTW55R2pVaHc2SkVUQ1M0UzlDcmJLcG5J?oc=5\" target=\"_blank\" rel=\"nofollow noopener\">Trump t\u00f5rjus spekulatsioone CIA juhi visiidi kohta, kuid avaldas lootust Ukraina s\u00f5ja l\u00f5petamiseks<\/a>&nbsp;&nbsp;Delfi<\/li>\n<\/ol>\n","protected":false},"excerpt":{"rendered":"ERKKI KOORT \u27e9 USA luure kohtus Moskvas kollektiivse Putiniga&nbsp;&nbsp;Postimees USA meedia: CIA juht hoiatas Venemaad NATO r\u00fcndamise eest&nbsp;&nbsp;ERR&hellip;\n","protected":false},"author":2,"featured_media":261979,"comment_status":"","ping_status":"","sticky":false,"template":"","format":"standard","meta":{"footnotes":"","_share_on_mastodon":"0"},"categories":[80],"tags":[9252,26,27,101649,37,33,35,34,36,31,32,21,38351,28,29,95,101650,19,9254,25,9253,2876,23,24,22,20,1929,95028,30,92,93,94],"class_list":["post-261978","post","type-post","status-publish","format-standard","has-post-thumbnail","category-maailm","tag-aleksandr-bortnikov","tag-breaking-news","tag-breakingnews","tag-central-intelligence-agency","tag-ee","tag-eesti","tag-eesti-keel","tag-estonia","tag-estonian","tag-featured-news","tag-featurednews","tag-headlines","tag-john-ratcliffe","tag-latest-news","tag-latestnews","tag-maailm","tag-moskva-vnukovo-lennujaam","tag-news","tag-nikolai-patrusev","tag-populaarseimad-lood","tag-sergei-naroskin","tag-sergei-soigu","tag-top-stories","tag-topstories","tag-uldised-uudised","tag-uudised","tag-vene-ukraina-soda","tag-venemaa-julgeolekunoukogu","tag-viimased-uudised","tag-world","tag-world-news","tag-worldnews"],"share_on_mastodon":{"url":"","error":"Validation failed: Text character limit of 500 exceeded"},"_links":{"self":[{"href":"https:\/\/www.europesays.com\/ee\/wp-json\/wp\/v2\/posts\/261978","targetHints":{"allow":["GET"]}}],"collection":[{"href":"https:\/\/www.europesays.com\/ee\/wp-json\/wp\/v2\/posts"}],"about":[{"href":"https:\/\/www.europesays.com\/ee\/wp-json\/wp\/v2\/types\/post"}],"author":[{"embeddable":true,"href":"https:\/\/www.europesays.com\/ee\/wp-json\/wp\/v2\/users\/2"}],"replies":[{"embeddable":true,"href":"https:\/\/www.europesays.com\/ee\/wp-json\/wp\/v2\/comments?post=261978"}],"version-history":[{"count":0,"href":"https:\/\/www.europesays.com\/ee\/wp-json\/wp\/v2\/posts\/261978\/revisions"}],"wp:featuredmedia":[{"embeddable":true,"href":"https:\/\/www.europesays.com\/ee\/wp-json\/wp\/v2\/media\/261979"}],"wp:attachment":[{"href":"https:\/\/www.europesays.com\/ee\/wp-json\/wp\/v2\/media?parent=261978"}],"wp:term":[{"taxonomy":"category","embeddable":true,"href":"https:\/\/www.europesays.com\/ee\/wp-json\/wp\/v2\/categories?post=261978"},{"taxonomy":"post_tag","embeddable":true,"href":"https:\/\/www.europesays.com\/ee\/wp-json\/wp\/v2\/tags?post=261978"}],"curies":[{"name":"wp","href":"https:\/\/api.w.org\/{rel}","templated":true}]}}