{"id":262012,"date":"2026-08-27T07:39:11","date_gmt":"2026-08-27T07:39:11","guid":{"rendered":"https:\/\/www.europesays.com\/ee\/262012\/"},"modified":"2026-08-27T07:39:11","modified_gmt":"2026-08-27T07:39:11","slug":"kinoliit-alustab-vestlussarjaga-kinoliidu-akadeemia-film","status":"publish","type":"post","link":"https:\/\/www.europesays.com\/ee\/262012\/","title":{"rendered":"Kinoliit alustab vestlussarjaga &#8220;Kinoliidu Akadeemia&#8221; | Film"},"content":{"rendered":"<p>Eesti Kinoliit alustab oma vestlussarjaga &#8220;Kinoliidu Akadeemia&#8221; ja toob video-podcast&#8217;idena v\u00e4lja filmitegijate omavahelised erialased vestlused.<\/p>\n<p>&#8220;Kinoliidu Akadeemia&#8221; video-podcast&#8217;id pakuvad platvormi, kus filmitegijatel on v\u00f5imalik vahetult ja s\u00fcvitsi muljetada oma kogemuste, loominguliste valikute, valdkonna arengute ning ka juhtunud \u00f5ppetundide \u00fcle. Vestlussarjas ei ole saatejuhti, vaid kaks loojat vestlevad omavahel.<\/p>\n<p>&#8220;See, kuidas kaks filmiprofessionaali omavahel suhtlevad, kuidas nad teineteist oma kogemustega s\u00fctitavad ja kuidas osatakse \u00fcksteist avada nii, nagu seda ei suudaks ajakirjanik v\u00f5i saatejuht, vaid kui samas lahingus osaleja, on lummav kuulata ja vaadata&#8221; \u00fctles &#8220;Kinoliidu Akadeemia&#8221; toimetaja Silver \u00d5un ja lisas , et sellise kammerliku ja intiimse oma ala proffide jutuajamise juures olemine pakub palju infot, aga ka m\u00f5istmist ja suurendab ainult lugupidamist kolleegide vastu.<\/p>\n<p>&#8220;Kinoliidu Akadeemia&#8221; esimene osa &#8220;Adaptatsioon&#8221; toob \u00fchise laua taha re\u017eiss\u00f6\u00f6ri ja stsenaristi Tanel Toomi ning kirjaniku ja stsenaristi Martin Alguse, kes k\u00e4ivad \u00fchiselt l\u00e4bi oma loometeekonnad, kuidas raamatust saab film.<\/p>\n","protected":false},"excerpt":{"rendered":"Eesti Kinoliit alustab oma vestlussarjaga &#8220;Kinoliidu Akadeemia&#8221; ja toob video-podcast&#8217;idena v\u00e4lja filmitegijate omavahelised erialased vestlused. &#8220;Kinoliidu Akadeemia&#8221; video-podcast&#8217;id&hellip;\n","protected":false},"author":2,"featured_media":262013,"comment_status":"","ping_status":"","sticky":false,"template":"","format":"standard","meta":{"footnotes":"","_share_on_mastodon":"0"},"categories":[16],"tags":[37,33,35,173,34,36,101675,101674,140,36694],"class_list":["post-262012","post","type-post","status-publish","format-standard","has-post-thumbnail","category-meelelahutus","tag-ee","tag-eesti","tag-eesti-keel","tag-entertainment","tag-estonia","tag-estonian","tag-kinoliidu-akadeemia","tag-kinoliit","tag-meelelahutus","tag-silver-oun"],"share_on_mastodon":{"url":"https:\/\/pubeurope.com\/@ee\/117166339883603636","error":""},"_links":{"self":[{"href":"https:\/\/www.europesays.com\/ee\/wp-json\/wp\/v2\/posts\/262012","targetHints":{"allow":["GET"]}}],"collection":[{"href":"https:\/\/www.europesays.com\/ee\/wp-json\/wp\/v2\/posts"}],"about":[{"href":"https:\/\/www.europesays.com\/ee\/wp-json\/wp\/v2\/types\/post"}],"author":[{"embeddable":true,"href":"https:\/\/www.europesays.com\/ee\/wp-json\/wp\/v2\/users\/2"}],"replies":[{"embeddable":true,"href":"https:\/\/www.europesays.com\/ee\/wp-json\/wp\/v2\/comments?post=262012"}],"version-history":[{"count":0,"href":"https:\/\/www.europesays.com\/ee\/wp-json\/wp\/v2\/posts\/262012\/revisions"}],"wp:featuredmedia":[{"embeddable":true,"href":"https:\/\/www.europesays.com\/ee\/wp-json\/wp\/v2\/media\/262013"}],"wp:attachment":[{"href":"https:\/\/www.europesays.com\/ee\/wp-json\/wp\/v2\/media?parent=262012"}],"wp:term":[{"taxonomy":"category","embeddable":true,"href":"https:\/\/www.europesays.com\/ee\/wp-json\/wp\/v2\/categories?post=262012"},{"taxonomy":"post_tag","embeddable":true,"href":"https:\/\/www.europesays.com\/ee\/wp-json\/wp\/v2\/tags?post=262012"}],"curies":[{"name":"wp","href":"https:\/\/api.w.org\/{rel}","templated":true}]}}