{"id":262052,"date":"2026-08-27T08:25:08","date_gmt":"2026-08-27T08:25:08","guid":{"rendered":"https:\/\/www.europesays.com\/ee\/262052\/"},"modified":"2026-08-27T08:25:08","modified_gmt":"2026-08-27T08:25:08","slug":"too-ja-eraelu-tasakaal-voib-jaadagi-kattesaamatuks-kuidas-oma-aega-paremini-jagada","status":"publish","type":"post","link":"https:\/\/www.europesays.com\/ee\/262052\/","title":{"rendered":"T\u00f6\u00f6- ja eraelu tasakaal v\u00f5ib j\u00e4\u00e4dagi k\u00e4ttesaamatuks. Kuidas oma aega paremini jagada?"},"content":{"rendered":"<p>T\u00f6\u00f6- ja eraelu t\u00e4iuslik tasakaal on k\u00e4ttesaamatu eesm\u00e4rk, sest elu vajadused muutuvad pidevalt. Tasakaalu tagaajamise asemel tasub \u00f5ppida oma aega ja energiat paindlikult jagama.<\/p>\n<p><a href=\"https:\/\/www.delfi.ee\/autor\/100001237\/anne-amp-stiil\" class=\"article-author__picture\" data-v-8ae858fe=\"\" rel=\"nofollow noopener\" target=\"_blank\"><img decoding=\"async\" src=\"https:\/\/www.europesays.com\/ee\/wp-content\/uploads\/2026\/08\/1787819108_234_fc9ff902-1a83-4538-b60a-6abebc365277.jpg\" loading=\"lazy\" alt=\"Anne &amp; Stiil\"\/><\/a><\/p>\n<p>Kell on \u00f5htul seitse. Arvuti on k\u00fcll kinni, aga peas k\u00e4ib t\u00f6\u00f6p\u00e4ev edasi. \u00dchele kirjale peaks veel vastama, homne koosolek vajab ettevalmistamist ning samal ajal ootavad \u00f5htus\u00f6\u00f6k, trenn ja s\u00f5brale helistamine. K\u00f5ige selle keskel peaks leidma ka aega iseendale \u2013 veel \u00fcks asi, millega h\u00e4sti hakkama saada.<\/p>\n","protected":false},"excerpt":{"rendered":"T\u00f6\u00f6- ja eraelu t\u00e4iuslik tasakaal on k\u00e4ttesaamatu eesm\u00e4rk, sest elu vajadused muutuvad pidevalt. Tasakaalu tagaajamise asemel tasub \u00f5ppida&hellip;\n","protected":false},"author":2,"featured_media":262053,"comment_status":"","ping_status":"","sticky":false,"template":"","format":"standard","meta":{"footnotes":"","_share_on_mastodon":"0"},"categories":[14],"tags":[9634,131,130,37,33,35,34,36,9635,5030,5396,2928],"class_list":["post-262052","post","type-post","status-publish","format-standard","has-post-thumbnail","category-ari","tag-anne-stiil","tag-ari","tag-business","tag-ee","tag-eesti","tag-eesti-keel","tag-estonia","tag-estonian","tag-ilutrendid","tag-karjaar","tag-mood","tag-suhted"],"share_on_mastodon":{"url":"https:\/\/pubeurope.com\/@ee\/117166521244254725","error":""},"_links":{"self":[{"href":"https:\/\/www.europesays.com\/ee\/wp-json\/wp\/v2\/posts\/262052","targetHints":{"allow":["GET"]}}],"collection":[{"href":"https:\/\/www.europesays.com\/ee\/wp-json\/wp\/v2\/posts"}],"about":[{"href":"https:\/\/www.europesays.com\/ee\/wp-json\/wp\/v2\/types\/post"}],"author":[{"embeddable":true,"href":"https:\/\/www.europesays.com\/ee\/wp-json\/wp\/v2\/users\/2"}],"replies":[{"embeddable":true,"href":"https:\/\/www.europesays.com\/ee\/wp-json\/wp\/v2\/comments?post=262052"}],"version-history":[{"count":0,"href":"https:\/\/www.europesays.com\/ee\/wp-json\/wp\/v2\/posts\/262052\/revisions"}],"wp:featuredmedia":[{"embeddable":true,"href":"https:\/\/www.europesays.com\/ee\/wp-json\/wp\/v2\/media\/262053"}],"wp:attachment":[{"href":"https:\/\/www.europesays.com\/ee\/wp-json\/wp\/v2\/media?parent=262052"}],"wp:term":[{"taxonomy":"category","embeddable":true,"href":"https:\/\/www.europesays.com\/ee\/wp-json\/wp\/v2\/categories?post=262052"},{"taxonomy":"post_tag","embeddable":true,"href":"https:\/\/www.europesays.com\/ee\/wp-json\/wp\/v2\/tags?post=262052"}],"curies":[{"name":"wp","href":"https:\/\/api.w.org\/{rel}","templated":true}]}}