{"id":262088,"date":"2026-08-27T09:10:11","date_gmt":"2026-08-27T09:10:11","guid":{"rendered":"https:\/\/www.europesays.com\/ee\/262088\/"},"modified":"2026-08-27T09:10:11","modified_gmt":"2026-08-27T09:10:11","slug":"ikea-ja-xbox-uhendavad-joud-ainulaadne-uus-kollektsioon-jouab-peagi-eestisse","status":"publish","type":"post","link":"https:\/\/www.europesays.com\/ee\/262088\/","title":{"rendered":"IKEA ja XBOX \u00fchendavad j\u00f5ud: ainulaadne uus kollektsioon j\u00f5uab peagi Eestisse"},"content":{"rendered":"<p class=\"MsoNormal\">YXSTABY kollektsioon disainiti IKEA ja XBOX-i tihedas koost\u00f6\u00f6s. Iga tootega t\u00f6\u00f6tas \u00fcks disainer kummastki tiimist. XBOX t\u00f5i projekti kaasa 25 aastat teadmisi selle kohta, kuidas inimesed m\u00e4ngivad, IKEA aga \u00fcle 80 aasta pikkuse kogemuse koduse elu kohta ja info, mis on kogutud visiitide k\u00e4igus kodudesse, kus arvuti- ja videom\u00e4ngud on igap\u00e4evaelu lahutamatu osa.<\/p>\n<p class=\"MsoNormal\">XBOX-i disainijuht Carl Ledbetter: \u00abXBOX m\u00f5tleb palju sellele, mis tegelikult aitab m\u00e4ngijatel m\u00e4ngu sisse elada. Loomulikult on seadmed selle oluline osa, kuid sama t\u00e4htis on m\u00e4ngukeskkond. Koost\u00f6\u00f6 IKEA-ga andis meile v\u00f5imaluse kujundada terviklik kodune m\u00e4ngukogemus \u2013 alates ekraanist kuni seda \u00fcmbritseva ruumini.\u00bb<\/p>\n<p class=\"MsoNormal\">Kogu protsessi v\u00e4ltel arvestasid disainerid nii m\u00e4ngijate kui ka nendega, kes sama ruumi jagavad. N\u00e4iteks m\u00f5eldi sellele, kuidas tugitool v\u00f5iks toetada erinevaid m\u00e4nguasendeid ja meeleolusid, kuidas m\u00e4ngutarvikud p\u00e4rast m\u00e4ngimise l\u00f5ppu mugavalt \u00e4ra panna ning kuidas need v\u00f5iksid sujuvalt sobituda elutuppa v\u00f5i \u00fcksk\u00f5ik millisesse teise m\u00e4ngupaika.<\/p>\n<p class=\"MsoNormal\">\u00abInimeste kodune m\u00e4ngimisviis on muutunud. See ei t\u00e4henda enam ainult keskendumist saavutustele, vaid ka l\u00f5\u00f5gastumist ja suhtlemist ning see muudab ruumile esitatavaid n\u00f5udmisi. XBOX teab, mida m\u00e4ngijad m\u00e4ngukeskkonnalt vajavad, ja meie teame, kuidas lahendada v\u00e4ikesi probleeme, mis tekivad nende vajaduste igap\u00e4evasesse kodusesse ellu sobitamisel. Koos seadsime eesm\u00e4rgiks luua m\u00f6\u00f6blit, mida inimesed p\u00e4riselt oma koju tahavad, mitte esemeid, mida nad lihtsalt taluvad, sest neid on m\u00e4ngimiseks vaja,\u00bb \u00fctleb Rootsi IKEA tootedisaini arendaja Philip Dil\u00e9.<\/p>\n","protected":false},"excerpt":{"rendered":"YXSTABY kollektsioon disainiti IKEA ja XBOX-i tihedas koost\u00f6\u00f6s. Iga tootega t\u00f6\u00f6tas \u00fcks disainer kummastki tiimist. XBOX t\u00f5i projekti&hellip;\n","protected":false},"author":2,"featured_media":262089,"comment_status":"","ping_status":"","sticky":false,"template":"","format":"standard","meta":{"footnotes":"","_share_on_mastodon":"0"},"categories":[14],"tags":[131,130,37,33,35,34,36,11432,59042,8529],"class_list":["post-262088","post","type-post","status-publish","format-standard","has-post-thumbnail","category-ari","tag-ari","tag-business","tag-ee","tag-eesti","tag-eesti-keel","tag-estonia","tag-estonian","tag-ikea","tag-kollektsioon","tag-xbox"],"share_on_mastodon":{"url":"https:\/\/pubeurope.com\/@ee\/117166697592864667","error":""},"_links":{"self":[{"href":"https:\/\/www.europesays.com\/ee\/wp-json\/wp\/v2\/posts\/262088","targetHints":{"allow":["GET"]}}],"collection":[{"href":"https:\/\/www.europesays.com\/ee\/wp-json\/wp\/v2\/posts"}],"about":[{"href":"https:\/\/www.europesays.com\/ee\/wp-json\/wp\/v2\/types\/post"}],"author":[{"embeddable":true,"href":"https:\/\/www.europesays.com\/ee\/wp-json\/wp\/v2\/users\/2"}],"replies":[{"embeddable":true,"href":"https:\/\/www.europesays.com\/ee\/wp-json\/wp\/v2\/comments?post=262088"}],"version-history":[{"count":0,"href":"https:\/\/www.europesays.com\/ee\/wp-json\/wp\/v2\/posts\/262088\/revisions"}],"wp:featuredmedia":[{"embeddable":true,"href":"https:\/\/www.europesays.com\/ee\/wp-json\/wp\/v2\/media\/262089"}],"wp:attachment":[{"href":"https:\/\/www.europesays.com\/ee\/wp-json\/wp\/v2\/media?parent=262088"}],"wp:term":[{"taxonomy":"category","embeddable":true,"href":"https:\/\/www.europesays.com\/ee\/wp-json\/wp\/v2\/categories?post=262088"},{"taxonomy":"post_tag","embeddable":true,"href":"https:\/\/www.europesays.com\/ee\/wp-json\/wp\/v2\/tags?post=262088"}],"curies":[{"name":"wp","href":"https:\/\/api.w.org\/{rel}","templated":true}]}}