{"id":262136,"date":"2026-08-27T10:07:11","date_gmt":"2026-08-27T10:07:11","guid":{"rendered":"https:\/\/www.europesays.com\/ee\/262136\/"},"modified":"2026-08-27T10:07:11","modified_gmt":"2026-08-27T10:07:11","slug":"stand-up-teater-point-toob-lavale-maria-petersoni-lavastuse-uksikvisa-teater","status":"publish","type":"post","link":"https:\/\/www.europesays.com\/ee\/262136\/","title":{"rendered":"Stand-up teater Point toob lavale Maria Petersoni lavastuse &#8220;\u00dcksikvisa&#8221; | Teater"},"content":{"rendered":"<p>7. oktoobril esietendub Ott Aardami kirjutatud, Maria Petersoni lavastatud uuslavastus &#8220;\u00dcksikvisa&#8221;. Peaosades on Priit Pius ja Laura Peterson Aardam.<\/p>\n<p>&#8220;\u00dcksikvisa&#8221; on Point Productionsi koosloomelavastus, mis on t\u00f5ukunud loojate p\u00e4riselus\u00fcndmustest ja isiklikest kogemustest.<\/p>\n<p>Priit Piusi\u00a0kehastatud Marko kasvatab p\u00e4rast abielu purunemist \u00fcksi kahte poega. Ta on endine s\u00f5dur, p\u00fchendunud isa ja populaarse videoblogi\u00a0\u00dcksikvisa\u00a0looja, kes n\u00e4itab tuhandetele j\u00e4lgijatele, kuidas tulla isana koos lastega toime ka k\u00f5ige keerulisemates olukordades. Marko maailma alustaladeks on kord, vastutus ja \u00fcks kindel lubadus: oma laste elust ta ei kao.<\/p>\n<p>\u00dchel p\u00e4eval saabub tema koju\u00a0Laura Peterson Aardami\u00a0kehastatud ajakirjanik Liz, et teha lugu mehest, kes on p\u00e4rast lahutust oma elu uuesti \u00fcles ehitanud. Enne Markoga kohtumist on Liz aga r\u00e4\u00e4kinud ka tema eksabikaasa Mirjamiga \u2013 ja kuulnud samast abielust hoopis teistsugust versiooni. Intervjuust saab kiiresti midagi palju enamat kui lihtsalt lugu ajalehte.<\/p>\n<p>&#8220;&#8221;\u00dcksikvisa&#8221; on terava huumori ja ps\u00fchholoogilise pingega lugu paarisuhtest, lahutusest ja vanemlusest maailmas, kus eraelust on saanud \u00fcha enam avalik lugu. Me n\u00e4itame teistele oma \u00f5nne, p\u00f5him\u00f5tteid, lapsi ja t\u00f5desid \u2013 aga mis j\u00e4\u00e4b kaadri taha? Kui palju sellest, mida me enda kohta jutustame, on p\u00e4riselt t\u00f5de,&#8221; selgitas lavastuse autor Ott Aardam.<\/p>\n<p>&#8220;&#8221;\u00dcksikvisa&#8221; loomisprotsess on olnud v\u00e4ljakutseterohke \u2013 p\u00e4ris mitme kuu jooksul ei andnud see lugu ennast v\u00e4ga lihtsalt k\u00e4tte. N\u00fc\u00fcd tunneme, et oleme saanud teksti prooviperioodiks heasse punkti, aga eks proovide k\u00e4igus areneb k\u00f5ik veel edasi,&#8221; lisas Aardam.<\/p>\n","protected":false},"excerpt":{"rendered":"7. oktoobril esietendub Ott Aardami kirjutatud, Maria Petersoni lavastatud uuslavastus &#8220;\u00dcksikvisa&#8221;. Peaosades on Priit Pius ja Laura Peterson&hellip;\n","protected":false},"author":2,"featured_media":262137,"comment_status":"","ping_status":"","sticky":false,"template":"","format":"standard","meta":{"footnotes":"","_share_on_mastodon":"0"},"categories":[16],"tags":[37,33,35,173,34,36,10003,47138,140,10001,101717,16377],"class_list":["post-262136","post","type-post","status-publish","format-standard","has-post-thumbnail","category-meelelahutus","tag-ee","tag-eesti","tag-eesti-keel","tag-entertainment","tag-estonia","tag-estonian","tag-laura-peterson-aardam","tag-maria-peterson","tag-meelelahutus","tag-ott-aardam","tag-point","tag-priit-pius"],"share_on_mastodon":{"url":"https:\/\/pubeurope.com\/@ee\/117166921803060328","error":""},"_links":{"self":[{"href":"https:\/\/www.europesays.com\/ee\/wp-json\/wp\/v2\/posts\/262136","targetHints":{"allow":["GET"]}}],"collection":[{"href":"https:\/\/www.europesays.com\/ee\/wp-json\/wp\/v2\/posts"}],"about":[{"href":"https:\/\/www.europesays.com\/ee\/wp-json\/wp\/v2\/types\/post"}],"author":[{"embeddable":true,"href":"https:\/\/www.europesays.com\/ee\/wp-json\/wp\/v2\/users\/2"}],"replies":[{"embeddable":true,"href":"https:\/\/www.europesays.com\/ee\/wp-json\/wp\/v2\/comments?post=262136"}],"version-history":[{"count":0,"href":"https:\/\/www.europesays.com\/ee\/wp-json\/wp\/v2\/posts\/262136\/revisions"}],"wp:featuredmedia":[{"embeddable":true,"href":"https:\/\/www.europesays.com\/ee\/wp-json\/wp\/v2\/media\/262137"}],"wp:attachment":[{"href":"https:\/\/www.europesays.com\/ee\/wp-json\/wp\/v2\/media?parent=262136"}],"wp:term":[{"taxonomy":"category","embeddable":true,"href":"https:\/\/www.europesays.com\/ee\/wp-json\/wp\/v2\/categories?post=262136"},{"taxonomy":"post_tag","embeddable":true,"href":"https:\/\/www.europesays.com\/ee\/wp-json\/wp\/v2\/tags?post=262136"}],"curies":[{"name":"wp","href":"https:\/\/api.w.org\/{rel}","templated":true}]}}