{"id":262142,"date":"2026-08-27T10:18:22","date_gmt":"2026-08-27T10:18:22","guid":{"rendered":"https:\/\/www.europesays.com\/ee\/262142\/"},"modified":"2026-08-27T10:18:22","modified_gmt":"2026-08-27T10:18:22","slug":"telesugis-tuleb-lauluga-tv3-toob-karl-erik-taukari-juhtimisel-ekraanile-pingelise-laululahingu","status":"publish","type":"post","link":"https:\/\/www.europesays.com\/ee\/262142\/","title":{"rendered":"Teles\u00fcgis tuleb lauluga! TV3 toob Karl-Erik Taukari juhtimisel ekraanile pingelise \u201eLaululahingu\u201c"},"content":{"rendered":"<p>\u201eLaululahing 2026\u201c on v\u00f5imas ja kaasahaarav laulupidu meie k\u00f5igi kodudes, mis toob muusika kaudu kokku terve Eestimaa. <\/p>\n<p>P\u00fchap\u00e4eva\u00f5htustes otsesaadetes astuvad rahva ette Eesti eri paiku esindavad kaheksa armastatud staari, igal kaasas 16-liikmeline koor. Saate jaoks loodud ainulaadsetes etteastetes lauldakse kaunimal k\u00f5lal, pannes televaatajad vaimustusega kaasa elama ja oma lemmikut valima. Lisaks saab osa ka esitajate v\u00e4rvikast teekonnast, mis kulgeb l\u00e4bi r\u00f5\u00f5mu ja katsumustega pikitud lauluproovide ning ettevalmistuse otsesaate lavale. <\/p>\n<p>Seltskonda innustab saatejuht Karl-Erik Taukar, kelle s\u00f5nul on teles\u00fcgis ilma muusikata lihtsalt m\u00f5eldamatu ning \u201eLaululahing 2026\u201c toob selle ekraanile vahetul ja ehedal kujul. \u201eP\u00e4ris h\u00e4\u00e4led, lauljate t\u00f6\u00f6, higi ja vaev, otse-eetri elekter ja muidugi eestlaslik v\u00f5istlusmoment \u2013 see k\u00f5ik on retsept pingeliseks, aga ka liigutavaks lahinguks. On, mida oodata!\u201c m\u00e4rgib Karl-Erik Taukar. <\/p>\n<p>\u201eLaululahing 2026\u201c p\u00f5hineb maailmakuulsal formaadil Clash of the Choirs ning on eri riikides v\u00f5itnud rahva s\u00fcdame kui parim meelelahutus, mis \u00fchendab meile k\u00f5igile tuttava muusika haaravate esitustega, kus s\u00e4ravad nii laulus\u00f5pradest eestlased kui ka armastatud staarid.<\/p>\n<p>\u201eLaululahing 2026\u201c alustab TV3 eetris 4. oktoobrist ning j\u00f5uab televaatajate ette p\u00fchap\u00e4eviti kell 19.30.<\/p>\n<p>Kuidas see lugu Sind end tundma pani?Saada<a href=\"https:\/\/kroonika.delfi.ee\/artikkel\/120606202\/telesugis-tuleb-lauluga-tv3-toob-karl-erik-taukari-juhtimisel-ekraanile-pingelise-laululahingu\/kommentaarid\" class=\"button button--primary button--size-auto article-body-bottom__comment article-body-bottom__comment--write\" style=\"\" rel=\"nofollow noopener\" target=\"_blank\">Kommenteeri<\/a><a href=\"https:\/\/kroonika.delfi.ee\/artikkel\/120606202\/telesugis-tuleb-lauluga-tv3-toob-karl-erik-taukari-juhtimisel-ekraanile-pingelise-laululahingu\/kommentaarid\" class=\"button button--size-auto article-body-bottom__comment article-body-bottom__comment--read\" style=\"\" rel=\"nofollow noopener\" target=\"_blank\">Loe kommentaare (13)<\/a><\/p>\n","protected":false},"excerpt":{"rendered":"\u201eLaululahing 2026\u201c on v\u00f5imas ja kaasahaarav laulupidu meie k\u00f5igi kodudes, mis toob muusika kaudu kokku terve Eestimaa. P\u00fchap\u00e4eva\u00f5htustes&hellip;\n","protected":false},"author":2,"featured_media":262143,"comment_status":"","ping_status":"","sticky":false,"template":"","format":"standard","meta":{"footnotes":"","_share_on_mastodon":"0"},"categories":[16],"tags":[37,33,35,173,34,36,4760,140,257],"class_list":["post-262142","post","type-post","status-publish","format-standard","has-post-thumbnail","category-meelelahutus","tag-ee","tag-eesti","tag-eesti-keel","tag-entertainment","tag-estonia","tag-estonian","tag-karl-erik-taukar","tag-meelelahutus","tag-tv3"],"share_on_mastodon":{"url":"https:\/\/pubeurope.com\/@ee\/117166965097424539","error":""},"_links":{"self":[{"href":"https:\/\/www.europesays.com\/ee\/wp-json\/wp\/v2\/posts\/262142","targetHints":{"allow":["GET"]}}],"collection":[{"href":"https:\/\/www.europesays.com\/ee\/wp-json\/wp\/v2\/posts"}],"about":[{"href":"https:\/\/www.europesays.com\/ee\/wp-json\/wp\/v2\/types\/post"}],"author":[{"embeddable":true,"href":"https:\/\/www.europesays.com\/ee\/wp-json\/wp\/v2\/users\/2"}],"replies":[{"embeddable":true,"href":"https:\/\/www.europesays.com\/ee\/wp-json\/wp\/v2\/comments?post=262142"}],"version-history":[{"count":0,"href":"https:\/\/www.europesays.com\/ee\/wp-json\/wp\/v2\/posts\/262142\/revisions"}],"wp:featuredmedia":[{"embeddable":true,"href":"https:\/\/www.europesays.com\/ee\/wp-json\/wp\/v2\/media\/262143"}],"wp:attachment":[{"href":"https:\/\/www.europesays.com\/ee\/wp-json\/wp\/v2\/media?parent=262142"}],"wp:term":[{"taxonomy":"category","embeddable":true,"href":"https:\/\/www.europesays.com\/ee\/wp-json\/wp\/v2\/categories?post=262142"},{"taxonomy":"post_tag","embeddable":true,"href":"https:\/\/www.europesays.com\/ee\/wp-json\/wp\/v2\/tags?post=262142"}],"curies":[{"name":"wp","href":"https:\/\/api.w.org\/{rel}","templated":true}]}}