{"id":262170,"date":"2026-08-27T10:55:07","date_gmt":"2026-08-27T10:55:07","guid":{"rendered":"https:\/\/www.europesays.com\/ee\/262170\/"},"modified":"2026-08-27T10:55:07","modified_gmt":"2026-08-27T10:55:07","slug":"thbilisi-lammutab-14-aastat-tuhjalt-seisnud-arhitektuurisedoovri","status":"publish","type":"post","link":"https:\/\/www.europesays.com\/ee\/262170\/","title":{"rendered":"Thbilisi lammutab 14 aastat t\u00fchjalt seisnud arhitektuuri\u0161ed\u00f6\u00f6vri"},"content":{"rendered":"<p>Kompleks, millest pidi saama kontserdi- ja n\u00e4itusesaal, ehitati 2010. aastate alguses kuulsa Itaalia arhitekti Massimiliano Fuksase projekti j\u00e4rgi. \u00abRike torud\u00bb seisid 14 aastat ilma siseviimistluseta ja t\u00fchjana, Fuksase b\u00fcroo pakkus k\u00fcll neile erinevaid kasutusv\u00f5imalusi, kuid linnavalitsus ei rakendanud \u00fchtki ettepanekut, kirjutab v\u00e4ljaanne Meduza.<\/p>\n","protected":false},"excerpt":{"rendered":"Kompleks, millest pidi saama kontserdi- ja n\u00e4itusesaal, ehitati 2010. aastate alguses kuulsa Itaalia arhitekti Massimiliano Fuksase projekti j\u00e4rgi.&hellip;\n","protected":false},"author":2,"featured_media":262171,"comment_status":"","ping_status":"","sticky":false,"template":"","format":"standard","meta":{"footnotes":"","_share_on_mastodon":"0"},"categories":[80],"tags":[194,26,27,37,33,35,1644,34,36,31,32,1946,21,28,29,95,19,25,23,24,22,20,30,92,93,94],"class_list":["post-262170","post","type-post","status-publish","format-standard","has-post-thumbnail","category-maailm","tag-arhitektuur","tag-breaking-news","tag-breakingnews","tag-ee","tag-eesti","tag-eesti-keel","tag-ehitus","tag-estonia","tag-estonian","tag-featured-news","tag-featurednews","tag-gruusia","tag-headlines","tag-latest-news","tag-latestnews","tag-maailm","tag-news","tag-populaarseimad-lood","tag-top-stories","tag-topstories","tag-uldised-uudised","tag-uudised","tag-viimased-uudised","tag-world","tag-world-news","tag-worldnews"],"share_on_mastodon":{"url":"https:\/\/pubeurope.com\/@ee\/117167110781389009","error":""},"_links":{"self":[{"href":"https:\/\/www.europesays.com\/ee\/wp-json\/wp\/v2\/posts\/262170","targetHints":{"allow":["GET"]}}],"collection":[{"href":"https:\/\/www.europesays.com\/ee\/wp-json\/wp\/v2\/posts"}],"about":[{"href":"https:\/\/www.europesays.com\/ee\/wp-json\/wp\/v2\/types\/post"}],"author":[{"embeddable":true,"href":"https:\/\/www.europesays.com\/ee\/wp-json\/wp\/v2\/users\/2"}],"replies":[{"embeddable":true,"href":"https:\/\/www.europesays.com\/ee\/wp-json\/wp\/v2\/comments?post=262170"}],"version-history":[{"count":0,"href":"https:\/\/www.europesays.com\/ee\/wp-json\/wp\/v2\/posts\/262170\/revisions"}],"wp:featuredmedia":[{"embeddable":true,"href":"https:\/\/www.europesays.com\/ee\/wp-json\/wp\/v2\/media\/262171"}],"wp:attachment":[{"href":"https:\/\/www.europesays.com\/ee\/wp-json\/wp\/v2\/media?parent=262170"}],"wp:term":[{"taxonomy":"category","embeddable":true,"href":"https:\/\/www.europesays.com\/ee\/wp-json\/wp\/v2\/categories?post=262170"},{"taxonomy":"post_tag","embeddable":true,"href":"https:\/\/www.europesays.com\/ee\/wp-json\/wp\/v2\/tags?post=262170"}],"curies":[{"name":"wp","href":"https:\/\/api.w.org\/{rel}","templated":true}]}}