{"id":262190,"date":"2026-08-27T11:17:19","date_gmt":"2026-08-27T11:17:19","guid":{"rendered":"https:\/\/www.europesays.com\/ee\/262190\/"},"modified":"2026-08-27T11:17:19","modified_gmt":"2026-08-27T11:17:19","slug":"vene-mees-rammis-prantsusmaal-autoga-jalakaijaid-kaks-inimest-sai-surma","status":"publish","type":"post","link":"https:\/\/www.europesays.com\/ee\/262190\/","title":{"rendered":"Vene mees rammis Prantsusmaal autoga jalak\u00e4ijaid, kaks inimest sai surma"},"content":{"rendered":"<p>P\u00f5hja-Prantsusmaal Caeni raudteejaama l\u00e4hedal s\u00f5itis Venemaalt p\u00e4rit mees autoga rahva hulka, kaks inimest sai surma ja k\u00fcmme kannatada, teatas Prantsuse meedia.<\/p>\n<p>\u00abAuto s\u00f5itis tahtlikult ja suure kiirusega jaama vastas jalak\u00e4ijatele otsa,\u00bb \u00fctles Caeni prefekt David Clavi\u00e8re ajakirjanikele ja lisas, et seitse vigastatut on kriitilises seisundis.<\/p>\n","protected":false},"excerpt":{"rendered":"P\u00f5hja-Prantsusmaal Caeni raudteejaama l\u00e4hedal s\u00f5itis Venemaalt p\u00e4rit mees autoga rahva hulka, kaks inimest sai surma ja k\u00fcmme kannatada,&hellip;\n","protected":false},"author":2,"featured_media":262191,"comment_status":"","ping_status":"","sticky":false,"template":"","format":"standard","meta":{"footnotes":"","_share_on_mastodon":"0"},"categories":[80],"tags":[26,27,37,33,35,34,36,31,32,21,28,29,1602,95,19,25,52,23,24,22,20,7439,96,30,92,93,94],"class_list":["post-262190","post","type-post","status-publish","format-standard","has-post-thumbnail","category-maailm","tag-breaking-news","tag-breakingnews","tag-ee","tag-eesti","tag-eesti-keel","tag-estonia","tag-estonian","tag-featured-news","tag-featurednews","tag-headlines","tag-latest-news","tag-latestnews","tag-liiklus","tag-maailm","tag-news","tag-populaarseimad-lood","tag-prantsusmaa","tag-top-stories","tag-topstories","tag-uldised-uudised","tag-uudised","tag-vagivald","tag-venemaa","tag-viimased-uudised","tag-world","tag-world-news","tag-worldnews"],"share_on_mastodon":{"url":"https:\/\/pubeurope.com\/@ee\/117167197174944164","error":""},"_links":{"self":[{"href":"https:\/\/www.europesays.com\/ee\/wp-json\/wp\/v2\/posts\/262190","targetHints":{"allow":["GET"]}}],"collection":[{"href":"https:\/\/www.europesays.com\/ee\/wp-json\/wp\/v2\/posts"}],"about":[{"href":"https:\/\/www.europesays.com\/ee\/wp-json\/wp\/v2\/types\/post"}],"author":[{"embeddable":true,"href":"https:\/\/www.europesays.com\/ee\/wp-json\/wp\/v2\/users\/2"}],"replies":[{"embeddable":true,"href":"https:\/\/www.europesays.com\/ee\/wp-json\/wp\/v2\/comments?post=262190"}],"version-history":[{"count":0,"href":"https:\/\/www.europesays.com\/ee\/wp-json\/wp\/v2\/posts\/262190\/revisions"}],"wp:featuredmedia":[{"embeddable":true,"href":"https:\/\/www.europesays.com\/ee\/wp-json\/wp\/v2\/media\/262191"}],"wp:attachment":[{"href":"https:\/\/www.europesays.com\/ee\/wp-json\/wp\/v2\/media?parent=262190"}],"wp:term":[{"taxonomy":"category","embeddable":true,"href":"https:\/\/www.europesays.com\/ee\/wp-json\/wp\/v2\/categories?post=262190"},{"taxonomy":"post_tag","embeddable":true,"href":"https:\/\/www.europesays.com\/ee\/wp-json\/wp\/v2\/tags?post=262190"}],"curies":[{"name":"wp","href":"https:\/\/api.w.org\/{rel}","templated":true}]}}