{"id":262262,"date":"2026-08-27T12:25:12","date_gmt":"2026-08-27T12:25:12","guid":{"rendered":"https:\/\/www.europesays.com\/ee\/262262\/"},"modified":"2026-08-27T12:25:12","modified_gmt":"2026-08-27T12:25:12","slug":"oosel-poles-vosul-suvila-hommikul-leiti-hukkunu","status":"publish","type":"post","link":"https:\/\/www.europesays.com\/ee\/262262\/","title":{"rendered":"\u00d6\u00f6sel p\u00f5les V\u00f5sul suvila, hommikul leiti hukkunu"},"content":{"rendered":"<p>Kolmap\u00e4eval, 26. augustil kell 23.38 said p\u00e4\u00e4stjad v\u00e4ljakutse Haljala valda V\u00f5su alevikku, kus p\u00f5les suvila. Teataja s\u00f5nul oli l\u00e4heduses auto, mis v\u00f5is ka tuld v\u00f5tta. <\/p>\n<p>P\u00e4\u00e4stjate saabumise hetkel p\u00f5les kolmnurkse kujuga v\u00e4ike suvila lausleegis, tuld olid v\u00f5tnud l\u00e4heduses asuvad m\u00e4nnipuud ja s\u00f5iduauto, teatas p\u00e4\u00e4steamet. \u201eTeataja s\u00f5nul v\u00f5is hoones olla inimesi. P\u00e4\u00e4stjad asusid tulekahju kustutama ja l\u00e4heduses asuvaid hooneid kaitsma. Kella 02.41-ks suudeti tulekahju kustutada. Hoone ja s\u00f5iduauto h\u00e4visid, tule levik teistele hoonetele suudeti \u00e4ra hoida. Pimeduses ja h\u00e4vinenud maja rusude seest \u00f6\u00f6sel kedagi ei leitud,\u201c m\u00e4rkis p\u00e4\u00e4steamet.<\/p>\n<p>T\u00e4na hommikul k\u00e4isid Loksa p\u00e4\u00e4stjad p\u00f5lenguala kontrollimas ja leidsid \u00fche hukkunu. P\u00e4\u00e4steameti tulekahjude menetleja hinnangul sai p\u00f5leng alguse lahtise tule kasutamise v\u00f5i hooletu suitsetamise tagaj\u00e4rjel. P\u00e4\u00e4steamet m\u00e4rkis, et hukkunu on noorem mees.<\/p>\n<p>Kustutust\u00f6id tegid Loksa, Kunda ja Rakvere kutselised ning V\u00f5su vabatahtlikud p\u00e4\u00e4stjad. Sel aastal on Eestis tulekahjudes hukkunud kokku 21 inimest, neist L\u00e4\u00e4ne-Virumaal 3.<\/p>\n<p>Kuidas see lugu Sind end tundma pani?Saada<\/p>\n","protected":false},"excerpt":{"rendered":"Kolmap\u00e4eval, 26. augustil kell 23.38 said p\u00e4\u00e4stjad v\u00e4ljakutse Haljala valda V\u00f5su alevikku, kus p\u00f5les suvila. Teataja s\u00f5nul oli&hellip;\n","protected":false},"author":2,"featured_media":262263,"comment_status":"","ping_status":"","sticky":false,"template":"","format":"standard","meta":{"footnotes":"","_share_on_mastodon":"0"},"categories":[5],"tags":[687,679,667,26,27,673,688,663,662,37,33,35,684,683,692,34,36,31,32,208,148,21,206,668,669,381,686,677,694,691,339,680,28,29,671,672,377,690,144,678,665,19,693,676,666,25,322,664,150,695,685,159,394,682,674,675,23,24,689,222,22,20,670,681,149,30],"class_list":["post-262262","post","type-post","status-publish","format-standard","has-post-thumbnail","category-uldised-uudised","tag-ajaviide","tag-autoleht","tag-blog","tag-breaking-news","tag-breakingnews","tag-cv","tag-date","tag-defli","tag-delfi","tag-ee","tag-eesti","tag-eesti-keel","tag-ekaart","tag-email","tag-erootika","tag-estonia","tag-estonian","tag-featured-news","tag-featurednews","tag-film","tag-foto","tag-headlines","tag-horoskoop","tag-ilm","tag-ilmaennustus","tag-internet","tag-kaart","tag-kava","tag-kindlustus","tag-kinnisvara","tag-kuulutused","tag-lasteleht","tag-latest-news","tag-latestnews","tag-loto","tag-majandus","tag-mangud","tag-mobiil","tag-muusika","tag-naisteleht","tag-naljad","tag-news","tag-otsing","tag-pank","tag-pilt","tag-populaarseimad-lood","tag-raadio","tag-reklaam","tag-seks","tag-sms","tag-solo","tag-sport","tag-tarkvara","tag-tasuta","tag-too","tag-toopakkumised","tag-top-stories","tag-topstories","tag-tutvus","tag-tv","tag-uldised-uudised","tag-uudised","tag-valimised","tag-valuuta","tag-video","tag-viimased-uudised"],"share_on_mastodon":{"url":"","error":"Validation failed: Text character limit of 500 exceeded"},"_links":{"self":[{"href":"https:\/\/www.europesays.com\/ee\/wp-json\/wp\/v2\/posts\/262262","targetHints":{"allow":["GET"]}}],"collection":[{"href":"https:\/\/www.europesays.com\/ee\/wp-json\/wp\/v2\/posts"}],"about":[{"href":"https:\/\/www.europesays.com\/ee\/wp-json\/wp\/v2\/types\/post"}],"author":[{"embeddable":true,"href":"https:\/\/www.europesays.com\/ee\/wp-json\/wp\/v2\/users\/2"}],"replies":[{"embeddable":true,"href":"https:\/\/www.europesays.com\/ee\/wp-json\/wp\/v2\/comments?post=262262"}],"version-history":[{"count":0,"href":"https:\/\/www.europesays.com\/ee\/wp-json\/wp\/v2\/posts\/262262\/revisions"}],"wp:featuredmedia":[{"embeddable":true,"href":"https:\/\/www.europesays.com\/ee\/wp-json\/wp\/v2\/media\/262263"}],"wp:attachment":[{"href":"https:\/\/www.europesays.com\/ee\/wp-json\/wp\/v2\/media?parent=262262"}],"wp:term":[{"taxonomy":"category","embeddable":true,"href":"https:\/\/www.europesays.com\/ee\/wp-json\/wp\/v2\/categories?post=262262"},{"taxonomy":"post_tag","embeddable":true,"href":"https:\/\/www.europesays.com\/ee\/wp-json\/wp\/v2\/tags?post=262262"}],"curies":[{"name":"wp","href":"https:\/\/api.w.org\/{rel}","templated":true}]}}