{"id":262296,"date":"2026-08-27T13:04:16","date_gmt":"2026-08-27T13:04:16","guid":{"rendered":"https:\/\/www.europesays.com\/ee\/262296\/"},"modified":"2026-08-27T13:04:16","modified_gmt":"2026-08-27T13:04:16","slug":"etv-alustab-sugishooaega-varske-energiaga-tele","status":"publish","type":"post","link":"https:\/\/www.europesays.com\/ee\/262296\/","title":{"rendered":"ETV alustab s\u00fcgishooaega v\u00e4rske energiaga | Tele"},"content":{"rendered":"<p>ETV tuumikprogrammis j\u00e4tkavad sel hooajal k\u00f5ik vaatajate lemmikud. Neile lisaks pakuvad\u00a0m\u00f5tteainet ja kaasaelamislusti mitmed uued saated.\u00a0\u00a0<\/p>\n<p>&#8220;\u00dche pere muusika&#8221;\u00a0<\/p>\n<p>Veel enne &#8220;Prillitoosi&#8221; algust juhatab Reet Linna 5. septembril\u00a0telehooaja sisse sarjaga &#8220;\u00dche pere muusika&#8221;. Laup\u00e4eva \u00f5htuti ja kordusena ka p\u00fchap\u00e4eva hommikul kohtub Reet Linna peredega, mille erinevad p\u00f5lvkonnad on muusikast kantud. Hooaja avasaates tutvub ta Terasmaade ja Leiburitega, kus vanaisa Kalju Terasmaa ja isa Arvo Leiburi j\u00e4lgedes k\u00e4ib muusikuteed ka Marianne Leibur. Tulekul on saated veel perekond Joametsade,\u00a0Mustonenide\u00a0ja Remmelitega.\u00a0\u00a0<\/p>\n<p><img decoding=\"async\" data-photo-id=\"3784048\" src=\"https:\/\/www.europesays.com\/ee\/wp-content\/uploads\/2026\/08\/3784048h2f59t24.jpg\"\/>&#8220;\u00dche pere muusika&#8221; Autor\/allikas: ERR<\/p>\n<p>&#8220;Saba ja sarvedega Laos&#8221;\u00a0<\/p>\n<p>P\u00fchap\u00e4eval, 6. septembril algav\u00a0reisisari\u00a0&#8220;Saba ja sarvedega Laos&#8221; v\u00f5tab vaataja kaasa budistlikku Laosesse ja seda koos n\u00e4itleja\u00a0P\u00e4\u00e4ru\u00a0Oja, reisikirjanik Rene Satsi ja paljude reisisaadete autori V\u00e4ino Laisaarega. Nad reisivad l\u00e4bi Laose l\u00f5unast p\u00f5hja, kasutades liikumisvahenditena ronge, mikrobusse, paate ja\u00a0tuk-tukke. Teekonna teeb kaasa l\u00f5bus kohalik,\u00a0phunoi\u00a0h\u00f5imust p\u00e4rit\u00a0Phonsak, kes avab eestlastele uksed, mis turistina Laosesse tulnud inimese ees muidu ei avaneks.\u00a0<\/p>\n<p>&#8220;Relvavennad&#8221;\u00a0\u00a0<\/p>\n<p>Esmasp\u00e4eval, 7. septembril\u00a0on eeter Mirjam M\u00f5ttuse p\u00e4ralt, kes teeb l\u00e4hemalt tutvust Eestis paiknevate NATO liitlass\u00f5duritega.\u00a0Vaataja saab k\u00fclastada\u00a0Suurbritanniast ja Prantsusmaalt p\u00e4rit\u00a0relvavendi\u00a0Tapa s\u00f5jav\u00e4elinnakus ja ameeriklasi\u00a0V\u00f5rumaa metsade vahel, \u00c4maris\u00a0t\u00f5ustakse\u00a0lendu\u00a0koos portugallastega ja soomlastega\u00a0suundutakse\u00a0merele.\u00a0\u00a0<\/p>\n<p><img decoding=\"async\" data-photo-id=\"3784021\" src=\"https:\/\/www.europesays.com\/ee\/wp-content\/uploads\/2026\/08\/3784021h3da4t24.jpg\"\/>&#8220;Relvavennad&#8221; Autor\/allikas: ERR<\/p>\n<p>&#8220;Elu loomaaias&#8221;\u00a0<\/p>\n<p>Laup\u00e4eval, 12. septembril saab j\u00e4tku saatesari\u00a0&#8220;Elu loomaaias&#8221;. Uus hooaeg pakub\u00a0\u00f5rnu\u00a0hetki, s\u00fcdamep\u00f5hjani liigutavaid lugusid ja siirast r\u00f5\u00f5mu. Vaataja saab osa\u00a0s\u00fcndidest ja loomalaste esimestest hapratest hetkedest, loomaarstide\u00a0t\u00f6\u00f6st, j\u00e4\u00e4karude kargest maailmast, kalade koolitamisest\u00a0jpms.\u00a0\u00a0<\/p>\n<p>&#8220;Suur muusikam\u00e4ng&#8221;\u00a0<\/p>\n<p>Oktoobri alguses k\u00e4ivitub ETV-s selle s\u00fcgise suur muusikaline m\u00f5\u00f5duv\u00f5tt, kus k\u00f5lavad tuntud ja v\u00e4hem tuntud p\u00e4rlid Eesti muusikamaastikult. Iga noot v\u00f5ib olla vihje ja iga k\u00fcsimus sisaldada \u00fcllatust! Stuudios astuvad vastastikku v\u00f5istkonnad, kuid ka televaatajad saavad kodudes kaasa m\u00e4ngida. Saadet juhib Birgit\u00a0Sarrap.\u202f\u00a0<\/p>\n<p>&#8220;K\u00f5ige kallim kokkuhoid?&#8221;\u00a0<\/p>\n<p>Oktoobri alguses uurib Johannes Tralla uues saatesarjas,\u00a0millist hinda maksab \u00fchiskond hariduses tehtud otsuste eest. Kuidas on huviringide k\u00e4rped seotud kohtutoimikutega? Miks s\u00f5ltub koolitarkus \u00fcha rohkem vanemate rahakotist? Ja kui nutikalt kasutab e-riik meie andmeid hariduspoliitikas?\u00a0<\/p>\n<p>&#8220;Mis siis,\u00a0kui&#8230;&#8221;\u00a0<\/p>\n<p>Novembris alustav saatesari m\u00f5testab ja paneb proovile Eesti perede kriisivalmiduse.\u00a0Saates osalevad pered\u00a0saavad enda n\u00e4itel\u00a0katsetada, kuidas k\u00e4ituda elektrikatkestuse korral v\u00f5i millised peaksid olema kodused kriisivarud.\u00a0Saatejuht\u00a0on\u00a0Mirjam M\u00f5ttus\u00a0ja eksperimentidesse on\u00a0kaasatud eksperdid, kes jagavad praktilisi\u00a0soovitusi.\u00a0<\/p>\n<p>&#8220;Mehed, hakkame elama!&#8221;\u00a0<\/p>\n<p>Novembri\u00a0j\u00e4tkab meeste tervise teemadel saatesari\u00a0&#8220;Mehed, hakkame elama!&#8221;.\u00a0 Viiendal hooajal on saatejuht\u00a0Kaidor\u00a0Kahari\u00a0kaasteelisteks\u00a0Rene Puura, Hanno\u00a0Pevkur, Kalev Kruus, Andres Oja, Ergo Kuld\u00a0ja\u00a0Reimo\u00a0Sagor.\u00a0\u00a0<\/p>\n<p>Uued kodumaised sarjad\u00a0<\/p>\n<p>S\u00fcgiskuudel j\u00f5uavad vaatajate ette kaks pinevat kodumaist draamasarja.\u00a0\u00a0<\/p>\n<p>&#8220;Minu kallis ema&#8221;\u00a0<\/p>\n<p>Eesti filmi- ja teleauhindadel v\u00f5idutsenud ja\u00a0ka rahvusvahelise\u00a0tunnustuse p\u00e4lvinud ps\u00fchholoogilise\u00a0p\u00f5neviku\u00a0&#8220;Minu kallis ema&#8221; keskmes on noor naine Alina, kelle elu p\u00f6\u00f6ratakse pea peale, kui tema ema leitakse j\u00f5hkralt tapetuna mererannast. Kuigi esmapilgul tundub see tavap\u00e4rase krimisarja algusena, koorub sealt v\u00e4lja palju s\u00fcgavam ja valulisem lugu.\u00a0\u00a0<\/p>\n<p>Doris T\u00e4\u00e4keri lavastatud kuueosaline sari sukeldub s\u00fcgavale ema ja t\u00fctre keerulisse suhtesse, kus piir ohvri ja manipulaatori vahel muutub \u00fcha h\u00e4gusamaks.\u00a0Peaosades\u00a0Doris\u00a0Tislar, Elina\u00a0Reinold\u00a0ja Indrek\u00a0Ojari.<\/p>\n<p><img decoding=\"async\" data-photo-id=\"3784345\" src=\"https:\/\/www.europesays.com\/ee\/wp-content\/uploads\/2026\/08\/3784345h935ct24.jpg\"\/>&#8220;Minu kallis ema&#8221; Autor\/allikas: Marek Metslaid<\/p>\n<p>&#8220;Pimeduses&#8221;\u00a0<\/p>\n<p>P\u00f5nevussarja keskmes on \u00fcksikisa ja tema kaks last, kes peavad hakkama saama elektrita Eestis. K\u00f5rgepingeliinide r\u00fcndamise tagaj\u00e4rjel kaob vool kogu riigis,\u00a0Tallinnas\u00a0hakkab\u00a0lokkama v\u00e4givald ning algab olelusv\u00f5itlus. Isal tuleb langetada otsus: kas j\u00e4\u00e4da linna v\u00f5i p\u00f5geneda koos lastega maale, mahaj\u00e4etud talukohta.\u00a0\u00a0<\/p>\n<p>Re\u017eiss\u00f6\u00f6r\u00a0Ove\u00a0Mustingu\u00a0sari n\u00e4itab, kuidas ekstreemsed olukorrad toovad esile nii inimeste parima kui ka halvima ning kuidas paranoia ja hirm v\u00f5ivad varjutada ratsionaalset m\u00f5tlemist.\u00a0Peaosas\u00a0Karol\u00a0Kuntsel.\u00a0\u00a0<\/p>\n<p>\u00a0Hooaja alguse erisaated\u00a0<\/p>\n<p>Telehooaja avab esmasp\u00e4eval, 31. augustiks\u00a0juba heaks traditsiooniks saanud saade\u00a0&#8220;Hapud kurgid&#8221;, milles Taavi\u00a0Eilat\u00a0teeb koos ekspertidega \u00fclevaate l\u00f5ppeva suve k\u00f5ige olulisematest uudisteemadest.\u00a0\u00a0<\/p>\n<p>Septembri avan\u00e4dala fookuses on presidendivalimised. Humoorika sissevaate sellesse teeb 31. augustil\u00a0satiirisarja\u00a0&#8220;Nukuvalitsus&#8221;\u00a0eriosa.\u00a02. septembril on ETV koos Vikerraadioga kohal riigikogus, et tuua otse\u00fclekandes\u00a0kodudesse presidendi valimiste k\u00e4ik.\u00a0ETV2 vahendab presidendivalimisi eesti viipekeele t\u00f5lkega.\u00a0\u00a0<\/p>\n<p><img decoding=\"async\" data-photo-id=\"3782410\" src=\"https:\/\/www.europesays.com\/ee\/wp-content\/uploads\/2026\/08\/3782410h2fcdt24.jpg\"\/>&#8220;Hapud kurgid&#8221; Autor\/allikas: pressimaterjal<\/p>\n<p>Kultuuris\u00fcgise juhatab neljap\u00e4eval,\u00a03. septembril\u00a0sisse Johannes Tralla saatega\u00a0&#8220;Kuus vaadet disainile&#8221;, mis avab disaini\u00a0t\u00e4hendust\u00a0ja olemust.\u00a0Samal \u00f5htul alustab ETV-s saatesari\u00a0&#8220;Uus arhitektuur&#8221;, mis on\u00a0j\u00e4tk saadetele\u00a0&#8220;Puit arhitektuuris&#8221;, &#8220;L\u00f5petamata linn&#8221; ja &#8220;Loodud kestma&#8221;\u00a0ning keskendub kultuurip\u00e4randile ja selle s\u00e4ilimisele.\u00a0\u00a0<\/p>\n<p>Kultuurseid kohtumisi pakub ETV l\u00e4bi hooaja nii portreesaadete kui ka kontsertide n\u00e4ol. Tulekul on portreesaated Priit P\u00e4rnast ja\u00a0Ingo\u00a0Normetist.\u00a0Tagasi on ka kirjandusminister Mart Juur, kelle saatesarja esimene osa Vladislav\u00a0Kor\u017eetsiga\u00a0on kirjaniku juubeli puhul eetris 9. septembril.\u00a0\u00a0\u00a0<\/p>\n<p>Tagasi ekraanil on k\u00f5ik vaatajate lemmikud\u00a0\u00a0<\/p>\n<p>&#8220;Terevisioon&#8221;\u00a0on ETV hommikutes juba koha sisse v\u00f5tnud ja\u00a029.\u00a0septembrist\u00a0naasevad \u00f5htu\u00a0esimesed pikemad\u00a0&#8220;Aktuaalse kaamera&#8221;\u00a0uudised\u00a0suviselt\u00a0eetriajalt\u00a0taas\u00a0kella\u00a018.30 peale.\u00a0<\/p>\n<p>31. augustist l\u00e4heb hooga k\u00e4ima kogu ETV programm. Augusti viimasel p\u00e4eval kell 19 v\u00f5tab tuttava koha argi\u00f5htute kavas sisse\u00a0&#8220;Ringvaade&#8221;\u00a0ja j\u00e4rjest naasevad vaatajate ette\u00a0&#8220;Impulss&#8221;\u00a0teisip\u00e4eval,\u00a0&#8220;Pealtn\u00e4gija&#8221;\u00a0kolmap\u00e4eval&#8221;,\u00a0&#8220;Maahommik&#8221;\u00a0laup\u00e4eval ja\u00a0&#8220;Hommik Anuga&#8221;\u00a0p\u00fchap\u00e4eval. Esmasp\u00e4evane\u00a0&#8220;Osoon&#8221;\u00a0stardib 7. septembril ja neljap\u00e4evane kultuurisaade\u00a0&#8220;OP&#8221;\u00a010. septembril.\u00a0&#8220;\u00d5nne 13&#8221;\u00a0naaseb vaatajate ette 12. septembril.\u00a0\u00a0<\/p>\n<p><img decoding=\"async\" data-photo-id=\"3598144\" src=\"https:\/\/www.europesays.com\/ee\/wp-content\/uploads\/2026\/08\/3598144h4e4et24.jpg\"\/>&#8220;Maahommik&#8221; Autor\/allikas: Ken M\u00fcrk\/ERR<\/p>\n<p>Uut p\u00f5nevat ringk\u00e4iku alustab laup\u00e4eval, 5. septembril ka saatesari\u00a0&#8220;Meie h\u00f5imlased&#8221;. P\u00fchap\u00e4eva \u00f5htutes v\u00f5tab koha sisse taas\u00a0&#8220;Ukraina stuudio&#8221;\u00a0\u2013 suvel esmasp\u00e4eviti vaatajate ees olnud saade anal\u00fc\u00fcsib Ukrainas toimuvast n\u00fc\u00fcd uuel ajal, kell kaheksa \u00f5htul.\u00a0\u00a0<\/p>\n<p>Kohe p\u00e4rast &#8220;Ukraina stuudiot&#8221; on ekraanil Kristjan Pihl sarjaga\u00a0&#8220;TeadusEST&#8221;. 12 osa keskenduvad aktuaalsetele teemadele, kus p\u00f5imuvad teadus ja argised k\u00fcsimused\u00a0nagu transport, meditsiin, j\u00e4\u00e4tmed jms.\u00a0<\/p>\n<p>Juba 15 aastat on vaatajad saanud kaasa m\u00e4ngida televiktoriinis\u00a0&#8220;Eesti m\u00e4ng&#8221;.\u00a0Gaute\u00a0Kivistik naaseb ekraanile ka sel s\u00fcgisel, oktoobri alguses.\u00a0\u00a0<\/p>\n<p>P\u00f5nevust ja draamat sarjadest\u00a0<\/p>\n<p>Sarjas\u00f5pru on ETV uute ja vanade lemmikutega kostitanud l\u00e4bi suve ning j\u00e4tkab sellega ka s\u00fcgisel. Laup\u00e4evadesse on juba lisandunud sarja &#8220;Maxima&#8221; teine hooaeg, septembri keskel tuleb\u00a0senin\u00e4gemata\u00a0j\u00e4rg ka krimisarjale &#8220;Grace&#8221;. Uue hooajaga astub 6. septembril vaatajate ette &#8220;Isa Brown&#8221;.\u00a0\u00a0<\/p>\n<p><img decoding=\"async\" data-photo-id=\"3782629\" src=\"https:\/\/www.europesays.com\/ee\/wp-content\/uploads\/2026\/08\/3782629hb57at24.jpg\"\/>&#8220;Mary maailm&#8221; Autor\/allikas: pressimaterjal<\/p>\n<p>Septembri teisip\u00e4evades pakub draamat\u00a0uus\u00a0briti sari\u00a0&#8220;Mary maailm&#8221;\u00a0(i.k\u00a0&#8220;Maryland&#8221;). See on lugu kahest erineva elusaatusega \u00f5est, kes p\u00e4rast ema ootamatut surma leiavad taas tee teineteiseni. Sarja peaosades n\u00e4eb\u00a0Suranne\u00a0Jones&#8217;i\u00a0ja Eve Besti.\u00a0<\/p>\n<p>Pettustest, skandaalidest ja\u00a0keerulistest\u00a0suhetest\u00a0r\u00e4\u00e4givad ka uued sarjad nagu &#8220;The\u00a0Lady&#8221;,\u00a0&#8220;Golden\u00a0Boys&#8221;,\u00a0&#8220;Dirty\u00a0Business&#8221;, &#8220;Falling&#8221;\u00a0ja &#8220;A\u00a0Woman\u00a0of\u00a0Substance&#8221;.\u00a0\u00a0<\/p>\n<p>Sarjadest on uute hooaegade\u00a0ootel veel vaatajamenukid &#8220;Professor T&#8221;, &#8220;Uued \u00f5ed&#8221;, &#8220;Chelsea\u00a0detektiiv&#8221;, &#8220;Peenike sinine joon&#8221;, &#8220;Midsomeri\u00a0m\u00f5rvad&#8221;\u00a0jpt.\u00a0Veel sel poolaastal j\u00f5uab vaatajate ette ka briti hittsarja &#8220;Vigil&#8221; kolmas hooaeg,\u00a0ETV2 toob hiliss\u00fcgisel\u00a0ekraanile &#8220;Bab\u00fclon-Berliini&#8221; uue hooaja.\u00a0\u00a0<\/p>\n","protected":false},"excerpt":{"rendered":"ETV tuumikprogrammis j\u00e4tkavad sel hooajal k\u00f5ik vaatajate lemmikud. Neile lisaks pakuvad\u00a0m\u00f5tteainet ja kaasaelamislusti mitmed uued saated.\u00a0\u00a0 &#8220;\u00dche pere&hellip;\n","protected":false},"author":2,"featured_media":262297,"comment_status":"","ping_status":"","sticky":false,"template":"","format":"standard","meta":{"footnotes":"","_share_on_mastodon":"0"},"categories":[16],"tags":[37,33,35,173,34,36,258,140],"class_list":["post-262296","post","type-post","status-publish","format-standard","has-post-thumbnail","category-meelelahutus","tag-ee","tag-eesti","tag-eesti-keel","tag-entertainment","tag-estonia","tag-estonian","tag-etv","tag-meelelahutus"],"share_on_mastodon":{"url":"https:\/\/pubeurope.com\/@ee\/117167618521511721","error":""},"_links":{"self":[{"href":"https:\/\/www.europesays.com\/ee\/wp-json\/wp\/v2\/posts\/262296","targetHints":{"allow":["GET"]}}],"collection":[{"href":"https:\/\/www.europesays.com\/ee\/wp-json\/wp\/v2\/posts"}],"about":[{"href":"https:\/\/www.europesays.com\/ee\/wp-json\/wp\/v2\/types\/post"}],"author":[{"embeddable":true,"href":"https:\/\/www.europesays.com\/ee\/wp-json\/wp\/v2\/users\/2"}],"replies":[{"embeddable":true,"href":"https:\/\/www.europesays.com\/ee\/wp-json\/wp\/v2\/comments?post=262296"}],"version-history":[{"count":0,"href":"https:\/\/www.europesays.com\/ee\/wp-json\/wp\/v2\/posts\/262296\/revisions"}],"wp:featuredmedia":[{"embeddable":true,"href":"https:\/\/www.europesays.com\/ee\/wp-json\/wp\/v2\/media\/262297"}],"wp:attachment":[{"href":"https:\/\/www.europesays.com\/ee\/wp-json\/wp\/v2\/media?parent=262296"}],"wp:term":[{"taxonomy":"category","embeddable":true,"href":"https:\/\/www.europesays.com\/ee\/wp-json\/wp\/v2\/categories?post=262296"},{"taxonomy":"post_tag","embeddable":true,"href":"https:\/\/www.europesays.com\/ee\/wp-json\/wp\/v2\/tags?post=262296"}],"curies":[{"name":"wp","href":"https:\/\/api.w.org\/{rel}","templated":true}]}}