{"id":262298,"date":"2026-08-27T13:05:26","date_gmt":"2026-08-27T13:05:26","guid":{"rendered":"https:\/\/www.europesays.com\/ee\/262298\/"},"modified":"2026-08-27T13:05:26","modified_gmt":"2026-08-27T13:05:26","slug":"jarjekordne-muutus-wrc-s-aastate-parast-saavad-kihutada-ka-elektriautod","status":"publish","type":"post","link":"https:\/\/www.europesays.com\/ee\/262298\/","title":{"rendered":"J\u00e4rjekordne muutus WRC-s: aastate p\u00e4rast saavad kihutada ka elektriautod"},"content":{"rendered":"<p>J\u00e4rgmiseks kaheks hooajaks j\u00e4\u00e4b MM-sarjas j\u00f5usse praegune kompromiss. 2027. aastal kasutusele v\u00f5etavad uued masinad hakkavad esialgu kasutama Rally2 mootoreid. Alates 2029. aastast julgustab FIA aga insenere oma fantaasiat valla p\u00e4\u00e4stma, et sarja uusi autotootjaid meelitada.<\/p>\n<p>\u201eAlates 2029. aastast oleme uutele tehnoloogiatele avatud,\u201c kinnitas FIA asepresident <a rel=\"noopener nofollow\" target=\"_blank\" href=\"https:\/\/www.delfi.ee\/teema\/62911602\/malcolm-wilson\" tag-id=\"62911602\">Malcolm Wilson<\/a>. \u201eMeie eesm\u00e4rk on luua olukord, kus autotootjad tunnevad, et nad lihtsalt peavad WRC-s osalema. Tahame muuta sarja kuluefektiivseks. Sarjaga liitumine peab muutuma ilmselgeks valikuks.\u201c<\/p>\n<p>Paindlikkuse v\u00f5tmeks on suutlikkus erinevaid j\u00f5uallikaid tasakaalus hoida. FIA kavatseb siinkohal snitti v\u00f5tta k\u00f5rberallidelt. Seal v\u00f5istlevad edukalt koos nii diisel-, V6- kui ka V8-mootorid, mille j\u00f5udlust v\u00f5rdsustatakse spetsiaalse anduri abil, mis m\u00f5\u00f5dab ratastele j\u00f5udvat p\u00f6\u00f6rdemomenti. Kui masin toodab liiga palju v\u00f5imsust, k\u00e4ivitub h\u00e4ire ja s\u00f5itjat karistatakse ajatrahviga.<\/p>\n<p>\u201ePeame leppima, et asjad ei saa j\u00e4tkuda nii nagu need on olnud viimased sada aastat. Maailm muutub. Kui keegi soovib tulla h\u00fcbriidi, vesiniku v\u00f5i elektriga, on meie uksed neile avatud,\u201c lisas Wilson.<\/p>\n<p>Elektriautod kui kallis tulevik?<\/p>\n<p>FIA tehniline direktor Xavier Mestelan Pinon on juba suhelnud elektriautode tootjatega ning usub, et rallimarsruutide kohandamise korral on ka t\u00e4iselektriliste masinate (EV) kaasamine t\u00e4iesti tehtav.<\/p>\n<p>\u201eT\u00e4iselektriline WRC auto ei ole sugugi hullumeelne m\u00f5te, kui laadimine kiiruskatsete vahel v\u00e4lja arvata. Umbes 300-hobuj\u00f5ulise v\u00f5imsuse juures piisab 40 kWh akuga masinast, et l\u00e4bida muretult 35-kilomeetrine kiiruskatse ning 100 kilomeetrit \u00fcles\u00f5itu. Elektriautodele ei sobi pikaajaline gaas p\u00f5hjas maantees\u00f5it, kuid rallis seda pole,\u201c selgitas Pinon. Lahendada tuleb vaid logistiline pool ehk laadimisjaamade paigaldamine ralli marsruudile. <\/p>\n<p>\u201eMootorispordis on mitmekesisus hea asi. Meie reeglid peavad olema paindlikud, sest on t\u00e4iesti v\u00f5imatu ennustada, milline on k\u00fcmne aasta p\u00e4rast parim lahendus.\u201c<\/p>\n<p>Kuidas see lugu Sind end tundma pani?Saada<a href=\"https:\/\/sport.delfi.ee\/artikkel\/120606417\/jarjekordne-muutus-wrc-s-aastate-parast-saavad-kihutada-ka-elektriautod\/kommentaarid\" class=\"button button--primary button--size-auto article-body-bottom__comment article-body-bottom__comment--write\" style=\"\" rel=\"nofollow noopener\" target=\"_blank\">Kommenteeri<\/a><a href=\"https:\/\/sport.delfi.ee\/artikkel\/120606417\/jarjekordne-muutus-wrc-s-aastate-parast-saavad-kihutada-ka-elektriautod\/kommentaarid\" class=\"button button--size-auto article-body-bottom__comment article-body-bottom__comment--read\" style=\"\" rel=\"nofollow noopener\" target=\"_blank\">Loe kommentaare (20)<\/a><\/p>\n","protected":false},"excerpt":{"rendered":"J\u00e4rgmiseks kaheks hooajaks j\u00e4\u00e4b MM-sarjas j\u00f5usse praegune kompromiss. 2027. aastal kasutusele v\u00f5etavad uued masinad hakkavad esialgu kasutama Rally2&hellip;\n","protected":false},"author":2,"featured_media":262299,"comment_status":"","ping_status":"","sticky":false,"template":"","format":"standard","meta":{"footnotes":"","_share_on_mastodon":"0"},"categories":[18],"tags":[37,33,35,34,36,3306,9017,159,158,1192],"class_list":["post-262298","post","type-post","status-publish","format-standard","has-post-thumbnail","category-sport","tag-ee","tag-eesti","tag-eesti-keel","tag-estonia","tag-estonian","tag-fia","tag-malcolm-wilson","tag-sport","tag-sports","tag-wrc"],"share_on_mastodon":{"url":"https:\/\/pubeurope.com\/@ee\/117167621696150090","error":""},"_links":{"self":[{"href":"https:\/\/www.europesays.com\/ee\/wp-json\/wp\/v2\/posts\/262298","targetHints":{"allow":["GET"]}}],"collection":[{"href":"https:\/\/www.europesays.com\/ee\/wp-json\/wp\/v2\/posts"}],"about":[{"href":"https:\/\/www.europesays.com\/ee\/wp-json\/wp\/v2\/types\/post"}],"author":[{"embeddable":true,"href":"https:\/\/www.europesays.com\/ee\/wp-json\/wp\/v2\/users\/2"}],"replies":[{"embeddable":true,"href":"https:\/\/www.europesays.com\/ee\/wp-json\/wp\/v2\/comments?post=262298"}],"version-history":[{"count":0,"href":"https:\/\/www.europesays.com\/ee\/wp-json\/wp\/v2\/posts\/262298\/revisions"}],"wp:featuredmedia":[{"embeddable":true,"href":"https:\/\/www.europesays.com\/ee\/wp-json\/wp\/v2\/media\/262299"}],"wp:attachment":[{"href":"https:\/\/www.europesays.com\/ee\/wp-json\/wp\/v2\/media?parent=262298"}],"wp:term":[{"taxonomy":"category","embeddable":true,"href":"https:\/\/www.europesays.com\/ee\/wp-json\/wp\/v2\/categories?post=262298"},{"taxonomy":"post_tag","embeddable":true,"href":"https:\/\/www.europesays.com\/ee\/wp-json\/wp\/v2\/tags?post=262298"}],"curies":[{"name":"wp","href":"https:\/\/api.w.org\/{rel}","templated":true}]}}