{"id":262300,"date":"2026-08-27T13:07:21","date_gmt":"2026-08-27T13:07:21","guid":{"rendered":"https:\/\/www.europesays.com\/ee\/262300\/"},"modified":"2026-08-27T13:07:21","modified_gmt":"2026-08-27T13:07:21","slug":"hussar-osaleb-pohjamaade-ja-balti-riikide-spiikrite-kohtumisel-islandil","status":"publish","type":"post","link":"https:\/\/www.europesays.com\/ee\/262300\/","title":{"rendered":"Hussar osaleb P\u00f5hjamaade ja Balti riikide spiikrite kohtumisel Islandil"},"content":{"rendered":"<p>Riigikogu esimees Lauri Hussar k\u00fclastab kolmap\u00e4evast n\u00e4dala l\u00f5puni Islandit, kus ta osaleb P\u00f5hjamaade ja Balti riikide parlamentide esimeeste iga-aastasel kohtumisel ning tegutseb vaatlejana Euroopa Liiduga liitumisl\u00e4bir\u00e4\u00e4kimiste taastamise referendumil, teatab BNS.<\/p>\n<p data-path-to-node=\"3\">Spiikrite kohtumisel Reykjav\u00edkis on peaemaks, kus osaleb ka Ukraina \u00dclemraada esimees Ruslan Stefant\u0161uk, Ukraina toetamine ja Venemaa agressioonis\u00f5jale vastuseismine, sealhulgas P\u00f5hjamaade ja Balti riikide parlamentide koost\u00f6\u00f6 selles valdkonnas. Kohtumisel osalejad arutavad samuti suhteid Ameerika \u00dchendriikidega ning puudutavad rida parlamentide jaoks aktuaalseid teemasid, nagu tehisintellekti m\u00f5ju, soolise v\u00f5rd\u00f5iguslikkuse edendamine ja vaenu\u00f5hutamise vastane v\u00f5itlus.<\/p>\n<p data-path-to-node=\"4\">NB8 formaadis kohtumisel, mis kestab terve homse p\u00e4eva, osalevad Eesti, L\u00e4ti, Leedu, Soome, Rootsi, Norra, Taani ja Islandi parlamentide esimehed.<\/p>\n<p data-path-to-node=\"5\">P\u00e4rast spiikrite kohtumist j\u00e4lgib Hussar Islandi EL-iga liitumisl\u00e4bir\u00e4\u00e4kimiste taastamise referendumit. Reede ja laup\u00e4eval k\u00fclastab ta valimisjaoskondi ning kohtub nii EL-iga liitumise pooldajate kui ka vastastega. Hussaril on plaanitud ka kohtumine Eesti aukonsuliga Islandil P\u00e9tur M\u00e1r J\u00f3nssoniga. Island esitas EL-iga liitumisavalduse 2009. aastal, kuid peatas selle protsessi 2013. aastal.<\/p>\n","protected":false},"excerpt":{"rendered":"Riigikogu esimees Lauri Hussar k\u00fclastab kolmap\u00e4evast n\u00e4dala l\u00f5puni Islandit, kus ta osaleb P\u00f5hjamaade ja Balti riikide parlamentide esimeeste&hellip;\n","protected":false},"author":2,"featured_media":262301,"comment_status":"","ping_status":"","sticky":false,"template":"","format":"standard","meta":{"footnotes":"","_share_on_mastodon":"0"},"categories":[80],"tags":[36845,26,27,37,33,35,34,36,31,32,21,28,29,101754,95,31644,19,5882,25,101755,23,24,22,20,30,92,93,94],"class_list":["post-262300","post","type-post","status-publish","format-standard","has-post-thumbnail","category-maailm","tag-balti-riik","tag-breaking-news","tag-breakingnews","tag-ee","tag-eesti","tag-eesti-keel","tag-estonia","tag-estonian","tag-featured-news","tag-featurednews","tag-headlines","tag-latest-news","tag-latestnews","tag-liitumislabiraakimiste-taastamise-referendum","tag-maailm","tag-nb8","tag-news","tag-pohjamaa","tag-populaarseimad-lood","tag-riigikogu-esimees-lauri-hussar","tag-top-stories","tag-topstories","tag-uldised-uudised","tag-uudised","tag-viimased-uudised","tag-world","tag-world-news","tag-worldnews"],"share_on_mastodon":{"url":"https:\/\/pubeurope.com\/@ee\/117167629599792907","error":""},"_links":{"self":[{"href":"https:\/\/www.europesays.com\/ee\/wp-json\/wp\/v2\/posts\/262300","targetHints":{"allow":["GET"]}}],"collection":[{"href":"https:\/\/www.europesays.com\/ee\/wp-json\/wp\/v2\/posts"}],"about":[{"href":"https:\/\/www.europesays.com\/ee\/wp-json\/wp\/v2\/types\/post"}],"author":[{"embeddable":true,"href":"https:\/\/www.europesays.com\/ee\/wp-json\/wp\/v2\/users\/2"}],"replies":[{"embeddable":true,"href":"https:\/\/www.europesays.com\/ee\/wp-json\/wp\/v2\/comments?post=262300"}],"version-history":[{"count":0,"href":"https:\/\/www.europesays.com\/ee\/wp-json\/wp\/v2\/posts\/262300\/revisions"}],"wp:featuredmedia":[{"embeddable":true,"href":"https:\/\/www.europesays.com\/ee\/wp-json\/wp\/v2\/media\/262301"}],"wp:attachment":[{"href":"https:\/\/www.europesays.com\/ee\/wp-json\/wp\/v2\/media?parent=262300"}],"wp:term":[{"taxonomy":"category","embeddable":true,"href":"https:\/\/www.europesays.com\/ee\/wp-json\/wp\/v2\/categories?post=262300"},{"taxonomy":"post_tag","embeddable":true,"href":"https:\/\/www.europesays.com\/ee\/wp-json\/wp\/v2\/tags?post=262300"}],"curies":[{"name":"wp","href":"https:\/\/api.w.org\/{rel}","templated":true}]}}