{"id":262312,"date":"2026-08-27T13:19:07","date_gmt":"2026-08-27T13:19:07","guid":{"rendered":"https:\/\/www.europesays.com\/ee\/262312\/"},"modified":"2026-08-27T13:19:07","modified_gmt":"2026-08-27T13:19:07","slug":"narva-linnavolikogu-juht-tahab-avada-kanali-venekeelseteks-ulekanneteks","status":"publish","type":"post","link":"https:\/\/www.europesays.com\/ee\/262312\/","title":{"rendered":"Narva linnavolikogu juht tahab avada kanali venekeelseteks \u00fclekanneteks"},"content":{"rendered":"<p>Narva linnavolikogu esimees Urbo Vaarmann soovib edaspidi t\u00f5lkida volikogu istungite otse\u00fclekanded Youtube\u2019i kanalil vene keelde, millele Keeleameti peadirektor Ilmar Tomusk ei kavatse k\u00e4tt ette panna, viidates \u00f5iguskantsleri, n\u00fc\u00fcd vabariigi presidendiks kandideeriva \u00dclle Madise nelja aasta tagusele ametlikule seisukohale, et istungite avalikkusele t\u00f5lkimise otstarbekus on volikogu enda otsustada.<\/p>\n<p>\u00abSee on kohaliku elu k\u00fcsimus, mille otsustamisel on volikogul kaalutlus\u00f5igus,\u00bb p\u00f5hjendas Madise 2022. aasta septembris l\u00e4kitatud vastuses Narva volikogu tollase esimehe Vladimir \u017davoronkovi saadetud kirjale.<\/p>\n","protected":false},"excerpt":{"rendered":"Narva linnavolikogu esimees Urbo Vaarmann soovib edaspidi t\u00f5lkida volikogu istungite otse\u00fclekanded Youtube\u2019i kanalil vene keelde, millele Keeleameti peadirektor&hellip;\n","protected":false},"author":2,"featured_media":262313,"comment_status":"","ping_status":"","sticky":false,"template":"","format":"standard","meta":{"footnotes":"","_share_on_mastodon":"0"},"categories":[12],"tags":[26,27,37,33,35,34,36,31,32,21,1327,11884,5867,28,29,13325,19,25,23,24,22,3457,13089,20,101757,30,17468,3025],"class_list":["post-262312","post","type-post","status-publish","format-standard","has-post-thumbnail","category-eesti","tag-breaking-news","tag-breakingnews","tag-ee","tag-eesti","tag-eesti-keel","tag-estonia","tag-estonian","tag-featured-news","tag-featurednews","tag-headlines","tag-ilmar-tomusk","tag-katri-raik","tag-keeleamet","tag-latest-news","tag-latestnews","tag-narva-linnavolikogu","tag-news","tag-populaarseimad-lood","tag-top-stories","tag-topstories","tag-uldised-uudised","tag-ulle-madise","tag-urbo-vaarmann","tag-uudised","tag-venekeelne-tolge","tag-viimased-uudised","tag-volikogu-istung","tag-youtube"],"share_on_mastodon":{"url":"","error":""},"_links":{"self":[{"href":"https:\/\/www.europesays.com\/ee\/wp-json\/wp\/v2\/posts\/262312","targetHints":{"allow":["GET"]}}],"collection":[{"href":"https:\/\/www.europesays.com\/ee\/wp-json\/wp\/v2\/posts"}],"about":[{"href":"https:\/\/www.europesays.com\/ee\/wp-json\/wp\/v2\/types\/post"}],"author":[{"embeddable":true,"href":"https:\/\/www.europesays.com\/ee\/wp-json\/wp\/v2\/users\/2"}],"replies":[{"embeddable":true,"href":"https:\/\/www.europesays.com\/ee\/wp-json\/wp\/v2\/comments?post=262312"}],"version-history":[{"count":0,"href":"https:\/\/www.europesays.com\/ee\/wp-json\/wp\/v2\/posts\/262312\/revisions"}],"wp:featuredmedia":[{"embeddable":true,"href":"https:\/\/www.europesays.com\/ee\/wp-json\/wp\/v2\/media\/262313"}],"wp:attachment":[{"href":"https:\/\/www.europesays.com\/ee\/wp-json\/wp\/v2\/media?parent=262312"}],"wp:term":[{"taxonomy":"category","embeddable":true,"href":"https:\/\/www.europesays.com\/ee\/wp-json\/wp\/v2\/categories?post=262312"},{"taxonomy":"post_tag","embeddable":true,"href":"https:\/\/www.europesays.com\/ee\/wp-json\/wp\/v2\/tags?post=262312"}],"curies":[{"name":"wp","href":"https:\/\/api.w.org\/{rel}","templated":true}]}}