{"id":262314,"date":"2026-08-27T13:20:08","date_gmt":"2026-08-27T13:20:08","guid":{"rendered":"https:\/\/www.europesays.com\/ee\/262314\/"},"modified":"2026-08-27T13:20:08","modified_gmt":"2026-08-27T13:20:08","slug":"mulgimaa-pere-arendab-tuhatkonna-broileriga-mahefarmi","status":"publish","type":"post","link":"https:\/\/www.europesays.com\/ee\/262314\/","title":{"rendered":"Mulgimaa pere arendab tuhatkonna broileriga mahefarmi"},"content":{"rendered":"<p>Osa\u00fchingu Mede Farm teekond sai alguse koroonaajal, kui laut, milles praegu kanad elavad, m\u00fc\u00fcki pandi. Pereisa Rando Ruusv\u00e4li vend oli teinud ettepaneku, et pere v\u00f5iks hakata selles kanu pidama. Esialgu suhtusid Rando ja Janika Ruusv\u00e4li ettepanekusse naljaga, aga kuna koroonaajal oli palju aega m\u00f5tlemiseks, m\u00f5tlesid nad end l\u00f5puks piisavalt julgeks, et linnupidamist siiski proovida.<\/p>\n","protected":false},"excerpt":{"rendered":"Osa\u00fchingu Mede Farm teekond sai alguse koroonaajal, kui laut, milles praegu kanad elavad, m\u00fc\u00fcki pandi. Pereisa Rando Ruusv\u00e4li&hellip;\n","protected":false},"author":2,"featured_media":262315,"comment_status":"","ping_status":"","sticky":false,"template":"","format":"standard","meta":{"footnotes":"","_share_on_mastodon":"0"},"categories":[5],"tags":[26,27,37,33,35,34,36,31,32,21,101761,28,29,101760,10328,101759,3443,101758,1773,19,101763,101762,101764,25,23,24,22,20,30,986],"class_list":["post-262314","post","type-post","status-publish","format-standard","has-post-thumbnail","category-uldised-uudised","tag-breaking-news","tag-breakingnews","tag-ee","tag-eesti","tag-eesti-keel","tag-estonia","tag-estonian","tag-featured-news","tag-featurednews","tag-headlines","tag-janika-ruusvali","tag-latest-news","tag-latestnews","tag-linnukasvatus","tag-linnuliha","tag-mahebroiler","tag-mahetootmine","tag-mede-farm","tag-mulgimaa","tag-news","tag-noortaluniku-toetus","tag-perefarm","tag-pollumajandusettevotlus","tag-populaarseimad-lood","tag-top-stories","tag-topstories","tag-uldised-uudised","tag-uudised","tag-viimased-uudised","tag-viljandi"],"share_on_mastodon":{"url":"https:\/\/pubeurope.com\/@ee\/117167680671867892","error":""},"_links":{"self":[{"href":"https:\/\/www.europesays.com\/ee\/wp-json\/wp\/v2\/posts\/262314","targetHints":{"allow":["GET"]}}],"collection":[{"href":"https:\/\/www.europesays.com\/ee\/wp-json\/wp\/v2\/posts"}],"about":[{"href":"https:\/\/www.europesays.com\/ee\/wp-json\/wp\/v2\/types\/post"}],"author":[{"embeddable":true,"href":"https:\/\/www.europesays.com\/ee\/wp-json\/wp\/v2\/users\/2"}],"replies":[{"embeddable":true,"href":"https:\/\/www.europesays.com\/ee\/wp-json\/wp\/v2\/comments?post=262314"}],"version-history":[{"count":0,"href":"https:\/\/www.europesays.com\/ee\/wp-json\/wp\/v2\/posts\/262314\/revisions"}],"wp:featuredmedia":[{"embeddable":true,"href":"https:\/\/www.europesays.com\/ee\/wp-json\/wp\/v2\/media\/262315"}],"wp:attachment":[{"href":"https:\/\/www.europesays.com\/ee\/wp-json\/wp\/v2\/media?parent=262314"}],"wp:term":[{"taxonomy":"category","embeddable":true,"href":"https:\/\/www.europesays.com\/ee\/wp-json\/wp\/v2\/categories?post=262314"},{"taxonomy":"post_tag","embeddable":true,"href":"https:\/\/www.europesays.com\/ee\/wp-json\/wp\/v2\/tags?post=262314"}],"curies":[{"name":"wp","href":"https:\/\/api.w.org\/{rel}","templated":true}]}}